{"id":10425,"date":"2009-09-02T09:28:45","date_gmt":"2009-09-02T13:28:45","guid":{"rendered":"http:\/\/www.redenoticia.com.br\/noticia\/?p=10425"},"modified":"2009-09-02T09:28:45","modified_gmt":"2009-09-02T13:28:45","slug":"instituto-federal-em-rondonia-vai-instalar-quatro-campi-e-curso-de-quimica-em-ji-parana","status":"publish","type":"post","link":"https:\/\/www.redenoticia.com.br\/noticia\/2009\/instituto-federal-em-rondonia-vai-instalar-quatro-campi-e-curso-de-quimica-em-ji-parana\/10425","title":{"rendered":"Instituto Federal em Rond\u00f4nia vai instalar quatro campi e curso de qu\u00edmica em Ji-Paran\u00e1"},"content":{"rendered":"<p>MEC &#8211; A Rede Federal de Educa\u00e7\u00e3o Profissional, Cient\u00edfica e Tecnol\u00f3gica completa cem anos de hist\u00f3ria no dia 23 pr\u00f3ximo. At\u00e9 agora, Rond\u00f4nia contava com apenas uma escola t\u00e9cnica, em Colorado do Oeste, fundada em 1983. Mas a hist\u00f3ria come\u00e7a a mudar. <a title=\"Em fase de amplia\u00e7\u00e3o, o campus de Ji-Paran\u00e1 vai oferecer, em 2010, cursos de licenciatura em qu\u00edmica (Foto: Divulga\u00e7\u00e3o Setec)\" href=\"http:\/\/portal.mec.gov.br\/images\/stories\/noticias\/2009\/jiparana_010909.jpg\"><\/a>No estado, est\u00e3o em obras outros quatro campi do Instituto Federal de Educa\u00e7\u00e3o, Ci\u00eancia e Tecnologia de Rond\u00f4nia. At\u00e9 2010, Ji-Paran\u00e1, Vilhena, Ariquemes e Porto Velho passar\u00e3o a oferecer gratuitamente cursos t\u00e9cnicos de n\u00edvel m\u00e9dio e cursos superiores de tecnologia, de licenciaura e de p\u00f3s-gradua\u00e7\u00e3o. O investimento supera os R$ 20 milh\u00f5es.<\/p>\n<p>Quando as unidades de ensino estiverem em pleno funcionamento, cerca de dez mil vagas ter\u00e3o sido geradas. Al\u00e9m dos campi, outros dois munic\u00edpios ser\u00e3o beneficiados com n\u00facleos avan\u00e7ados do instituto, em Guajar\u00e1-Mirim e Cacoal. \u201c\u00c9 uma revolu\u00e7\u00e3o no estado em um curto espa\u00e7o de tempo. O que era um sonho j\u00e1 \u00e9 realidade em Rond\u00f4nia\u201d, afirmou o reitor do instituto, Raimundo Jimenez, na abertura do semin\u00e1rio Desafios e Perspectivas da Educa\u00e7\u00e3o Profissional. O encontro reuniu, em Porto Velho, gestores, alunos e professores das \u00e1reas estadual, municipal e federal.<\/p>\n<p>O secret\u00e1rio de educa\u00e7\u00e3o profissional e tecnol\u00f3gica do Minist\u00e9rio da Educa\u00e7\u00e3o, Eliezer Pacheco, destacou os n\u00fameros da maior expans\u00e3o da rede, com a implanta\u00e7\u00e3o de 214 escolas e investimentos de R$ 1,1 bilh\u00e3o. \u201cTodas as unidades da Federa\u00e7\u00e3o est\u00e3o recebendo unidades. Os cursos est\u00e3o sintonizados com as realidades locais\u201d, disse. \u201cIsso gera \u00edndices altos de empregabilidade e desenvolvimento nas regi\u00f5es.\u201d<\/p>\n<p><a title=\"Com conclus\u00e3o das obras prevista para fevereiro de 2010, a unidade de Vilhena vai oferecer cursos t\u00e9cnicos em edifica\u00e7\u00f5es, eletromec\u00e2nica, inform\u00e1tica e licenciatura em matem\u00e1tica  (Foto: Divulga\u00e7\u00e3o Setec)\" href=\"http:\/\/portal.mec.gov.br\/images\/stories\/noticias\/2009\/vilhena_010909.jpg\"><\/a>O governo federal tamb\u00e9m financia as redes estaduais por meio do programa Brasil Profissionalizado. Rond\u00f4nia vai receber R$ 39 milh\u00f5es para investir em 14 escolas t\u00e9cnicas estaduais.<\/p>\n<p>As unidades<\/p>\n<p>Colorado do Oeste \u2014 A escola oferece, a 622 estudantes, cursos t\u00e9cnicos em agropecu\u00e1ria e agroind\u00fastria e superiores de tecnologia em gest\u00e3o ambiental e latic\u00ednios. No pr\u00f3ximo ano, ofertar\u00e1 os de aquicultura e licenciatura em biologia.<\/p>\n<p>Ji-Paran\u00e1 \u2014 A escola est\u00e1 em fase de reforma e amplia\u00e7\u00e3o, mas oferece cursos a 280 alunos nas \u00e1reas de florestas, inform\u00e1tica e m\u00f3veis. Em 2010, vai oferecer licenciatura em qu\u00edmica.<\/p>\n<p>Vilhena \u2014 Previs\u00e3o de conclus\u00e3o das obras para fevereiro de 2010. Vai oferecer cursos t\u00e9cnicos em edifica\u00e7\u00f5es, eletromec\u00e2nica, inform\u00e1tica e licenciatura em matem\u00e1tica.<\/p>\n<p>Ariquemes \u2014 Previs\u00e3o de conclus\u00e3o das obras para o primeiro semestre de 2010. Vai oferecer cursos t\u00e9cnicos em agropecu\u00e1ria, aquicultura e inform\u00e1tica.<\/p>\n<p>Porto Velho \u2014 Previs\u00e3o de conclus\u00e3o das obras para julho de 2010. Vai oferecer cursos t\u00e9cnicos em alimentos, edifica\u00e7\u00f5es, eletrot\u00e9cnica, inform\u00e1tica e mec\u00e2nica, al\u00e9m de licenciatura em f\u00edsica.<\/p>\n<p>MEC &#8211; Felipe De Angelis<\/p>\n","protected":false},"excerpt":{"rendered":"<p>MEC &#8211; A Rede Federal de Educa\u00e7\u00e3o Profissional, Cient\u00edfica e Tecnol\u00f3gica completa cem anos de hist\u00f3ria no dia 23 pr\u00f3ximo. At\u00e9 agora, Rond\u00f4nia contava com apenas uma escola t\u00e9cnica, em Colorado do Oeste, fundada em 1983. Mas a hist\u00f3ria come\u00e7a a mudar. No estado, est\u00e3o em obras outros quatro campi do Instituto Federal de Educa\u00e7\u00e3o, [&hellip;]<\/p>\n","protected":false},"author":3,"featured_media":0,"comment_status":"open","ping_status":"open","sticky":false,"template":"","format":"standard","meta":{"_genesis_hide_title":false,"_genesis_hide_breadcrumbs":false,"_genesis_hide_singular_image":false,"_genesis_hide_footer_widgets":false,"_genesis_custom_body_class":"","_genesis_custom_post_class":"","_genesis_layout":"","_jetpack_memberships_contains_paid_content":false,"footnotes":""},"categories":[22],"tags":[],"class_list":{"0":"post-10425","1":"post","2":"type-post","3":"status-publish","4":"format-standard","6":"category-brasil","7":"entry","8":"gs-1","9":"gs-odd","10":"gs-even","11":"gs-featured-content-entry"},"jetpack_featured_media_url":"","jetpack_sharing_enabled":true,"jetpack_likes_enabled":true,"_links":{"self":[{"href":"https:\/\/www.redenoticia.com.br\/noticia\/wp-json\/wp\/v2\/posts\/10425","targetHints":{"allow":["GET"]}}],"collection":[{"href":"https:\/\/www.redenoticia.com.br\/noticia\/wp-json\/wp\/v2\/posts"}],"about":[{"href":"https:\/\/www.redenoticia.com.br\/noticia\/wp-json\/wp\/v2\/types\/post"}],"author":[{"embeddable":true,"href":"https:\/\/www.redenoticia.com.br\/noticia\/wp-json\/wp\/v2\/users\/3"}],"replies":[{"embeddable":true,"href":"https:\/\/www.redenoticia.com.br\/noticia\/wp-json\/wp\/v2\/comments?post=10425"}],"version-history":[{"count":0,"href":"https:\/\/www.redenoticia.com.br\/noticia\/wp-json\/wp\/v2\/posts\/10425\/revisions"}],"wp:attachment":[{"href":"https:\/\/www.redenoticia.com.br\/noticia\/wp-json\/wp\/v2\/media?parent=10425"}],"wp:term":[{"taxonomy":"category","embeddable":true,"href":"https:\/\/www.redenoticia.com.br\/noticia\/wp-json\/wp\/v2\/categories?post=10425"},{"taxonomy":"post_tag","embeddable":true,"href":"https:\/\/www.redenoticia.com.br\/noticia\/wp-json\/wp\/v2\/tags?post=10425"}],"curies":[{"name":"wp","href":"https:\/\/api.w.org\/{rel}","templated":true}]}}