{"id":104090,"date":"2017-01-10T06:41:22","date_gmt":"2017-01-10T08:41:22","guid":{"rendered":"http:\/\/www.redenoticia.com.br\/noticia\/?p=104090"},"modified":"2017-01-09T20:43:19","modified_gmt":"2017-01-09T22:43:19","slug":"casa-das-rosas-tem-inscricoes-abertas-para-cursos-e-oficinas","status":"publish","type":"post","link":"https:\/\/www.redenoticia.com.br\/noticia\/2017\/casa-das-rosas-tem-inscricoes-abertas-para-cursos-e-oficinas\/104090","title":{"rendered":"Casa das Rosas tem inscri\u00e7\u00f5es abertas para cursos e oficinas"},"content":{"rendered":"<p> Apaixonados por poesia e literatura podem aproveitar as f\u00e9rias para melhorar a escrita e descobrir novos aspectos da literatura com o Ver\u00e3o de Poesia na Casa das Rosas \u2013 Espa\u00e7o Haroldo de Campos, No m\u00eas de janeiro, o museu preparou uma s\u00e9rie de <strong><em>oficinas e cursos gratuitos<\/em><\/strong> para todas as idades.<\/p>\n<p>A novidade \u00e9 a oficina-sarau Fus\u00f5es: poesia &amp; m\u00fasica, que acontecer\u00e1 \u00e0s quintas-feiras, 12 e 26\/1, 2 e 16\/2, \u00e0s 19h30, com Mariella Augusta e Fl\u00e1vio Vilar Fernandes. O objetivo da atividade \u00e9 integrar a m\u00fasica e a literatura numa \u00fanica realiza\u00e7\u00e3o art\u00edstica, resgatando, para isso, a esquecida pr\u00e1tica do improviso musical erudito.<\/p>\n<p>De 17 a 20\/1, \u00e0s 19h30, Louren\u00e7o Mutarelli realiza Breves Narrativas, oficina de escrita de fic\u00e7\u00e3o, dedicada \u00e0 produ\u00e7\u00e3o de contos breves a partir de leituras e exerc\u00edcios de cria\u00e7\u00e3o com o escritor. J\u00e1 em\u00a0fevereiro, nos dias 7, 8, 9 e 10, \u00e0s 19h30, a cineasta alem\u00e3 Leni Riefenstahl (1902-2003) ser\u00e1 tema de uma s\u00e9rie de encontros. Ministrado pelo professor Eduardo Hidalgo, da Unesp, o curso mostra como a cineasta alem\u00e3 marcou a hist\u00f3ria do cinema por suas produ\u00e7\u00f5es documentais para Hitler e o Partido Nazista, na d\u00e9cada de 1930.<\/p>\n<p>Quem quer conhecer o universo da tradu\u00e7\u00e3o liter\u00e1ria, no curso Para Al\u00e9m do Barqueiro, que acontecer\u00e1 nos dias 11 e 12\/2 \u00e0s 14h00, o premiado tradutor Guilherme Gontijo Flores comentar\u00e1 a teoria e a pr\u00e1tica tradut\u00f3ria nas obras de Haroldo de Campos e de Henri Meschonnic.<\/p>\n<p>Os interessados podem se inscrever para os cursos e oficinas a partir do dia 3 de janeiro na recep\u00e7\u00e3o da Casa das Rosas. Todas as atividades s\u00e3o gratuitas.<\/p>\n<p>Do Portal do Governo de Estado SP<\/p>\n","protected":false},"excerpt":{"rendered":"<p>Apaixonados por poesia e literatura podem aproveitar as f\u00e9rias para melhorar a escrita e descobrir novos aspectos da literatura com o Ver\u00e3o de Poesia na Casa das Rosas \u2013 Espa\u00e7o Haroldo de Campos, No m\u00eas de janeiro, o museu preparou uma s\u00e9rie de oficinas e cursos gratuitos para todas as idades. A novidade \u00e9 a [&hellip;]<\/p>\n","protected":false},"author":2,"featured_media":34821,"comment_status":"open","ping_status":"closed","sticky":false,"template":"","format":"standard","meta":{"_genesis_hide_title":false,"_genesis_hide_breadcrumbs":false,"_genesis_hide_singular_image":false,"_genesis_hide_footer_widgets":false,"_genesis_custom_body_class":"","_genesis_custom_post_class":"","_genesis_layout":"","_jetpack_memberships_contains_paid_content":false,"footnotes":""},"categories":[22,351,370],"tags":[],"class_list":{"0":"post-104090","1":"post","2":"type-post","3":"status-publish","4":"format-standard","5":"has-post-thumbnail","7":"category-brasil","8":"category-cursos","9":"category-inscricao","10":"entry","11":"gs-1","12":"gs-odd","13":"gs-even","14":"gs-featured-content-entry"},"jetpack_featured_media_url":"https:\/\/www.redenoticia.com.br\/noticia\/imagens\/livro1.jpg","jetpack_sharing_enabled":true,"jetpack_likes_enabled":true,"_links":{"self":[{"href":"https:\/\/www.redenoticia.com.br\/noticia\/wp-json\/wp\/v2\/posts\/104090","targetHints":{"allow":["GET"]}}],"collection":[{"href":"https:\/\/www.redenoticia.com.br\/noticia\/wp-json\/wp\/v2\/posts"}],"about":[{"href":"https:\/\/www.redenoticia.com.br\/noticia\/wp-json\/wp\/v2\/types\/post"}],"author":[{"embeddable":true,"href":"https:\/\/www.redenoticia.com.br\/noticia\/wp-json\/wp\/v2\/users\/2"}],"replies":[{"embeddable":true,"href":"https:\/\/www.redenoticia.com.br\/noticia\/wp-json\/wp\/v2\/comments?post=104090"}],"version-history":[{"count":0,"href":"https:\/\/www.redenoticia.com.br\/noticia\/wp-json\/wp\/v2\/posts\/104090\/revisions"}],"wp:featuredmedia":[{"embeddable":true,"href":"https:\/\/www.redenoticia.com.br\/noticia\/wp-json\/wp\/v2\/media\/34821"}],"wp:attachment":[{"href":"https:\/\/www.redenoticia.com.br\/noticia\/wp-json\/wp\/v2\/media?parent=104090"}],"wp:term":[{"taxonomy":"category","embeddable":true,"href":"https:\/\/www.redenoticia.com.br\/noticia\/wp-json\/wp\/v2\/categories?post=104090"},{"taxonomy":"post_tag","embeddable":true,"href":"https:\/\/www.redenoticia.com.br\/noticia\/wp-json\/wp\/v2\/tags?post=104090"}],"curies":[{"name":"wp","href":"https:\/\/api.w.org\/{rel}","templated":true}]}}