{"id":104,"date":"2009-04-07T11:33:00","date_gmt":"2009-04-07T14:33:00","guid":{"rendered":"http:\/\/www.redenoticia.com.br\/noticia\/?p=104"},"modified":"2009-04-09T22:45:23","modified_gmt":"2009-04-10T01:45:23","slug":"bancos-fecham-na-sexta-feira-da-paixao","status":"publish","type":"post","link":"https:\/\/www.redenoticia.com.br\/noticia\/2009\/bancos-fecham-na-sexta-feira-da-paixao\/104","title":{"rendered":"Bancos fecham na Sexta-Feira da Paix\u00e3o"},"content":{"rendered":"<p style=\"MARGIN: 0cm 0cm 0pt\"><img loading=\"lazy\" decoding=\"async\" class=\"alignnone\" src=\"http:\/\/farm4.static.flickr.com\/3552\/3421856236_aba5a2fc39.jpg\" alt=\"\" width=\"500\" height=\"341\" \/><\/p>\n<p style=\"MARGIN: 0cm 0cm 0pt\">Os bancos estar\u00e3o fechados para atendimento ao p\u00fablico no dia 10 de abril, feriado da Sexta Feira da Paix\u00e3o. Na Quinta-feira, o expediente ser\u00e1 normal. A informa\u00e7\u00e3o \u00e9 da Federa\u00e7\u00e3o Brasileira de Bancos (Febraban).<\/p>\n<p>As contas de consumo (\u00e1gua, luz, telefone e TV a cabo, por exemplo) e os carn\u00eas que porventura vencerem no dia 10 de Abril poder\u00e3o ser pagos no pr\u00f3ximo dia \u00fatil (Segunda-feira, dia 13), sem incid\u00eancia de multa. Os tributos, normalmente, j\u00e1 est\u00e3o com a data ajustada pelo calend\u00e1rio de feriados (federais, estaduais e municipais). A Febraban informa ainda que os clientes podem agendar nos bancos, caso tenham interesse, o pagamento das contas de consumo ou pag\u00e1-las (as que t\u00eam c\u00f3digo de barras) nos caixas autom\u00e1ticos e equipamentos de auto-atendimento, ou ainda nos correspondentes, como lot\u00e9ricas, Correios e outros estabelecimentos comerciais.<\/p>\n<p style=\"MARGIN: 0cm 0cm 0pt\">\u00a0<\/p>\n<p style=\"MARGIN: 0cm 0cm 0pt\"><em>Fonte<\/em> Ag\u00eancia Brasil<\/p>\n","protected":false},"excerpt":{"rendered":"<p>Os bancos estar\u00e3o fechados para atendimento ao p\u00fablico no dia 10 de abril, feriado da Sexta Feira da Paix\u00e3o. Na Quinta-feira, o expediente ser\u00e1 normal. A informa\u00e7\u00e3o \u00e9 da Federa\u00e7\u00e3o Brasileira de Bancos (Febraban). As contas de consumo (\u00e1gua, luz, telefone e TV a cabo, por exemplo) e os carn\u00eas que porventura vencerem no dia [&hellip;]<\/p>\n","protected":false},"author":2,"featured_media":0,"comment_status":"open","ping_status":"open","sticky":false,"template":"","format":"standard","meta":{"_genesis_hide_title":false,"_genesis_hide_breadcrumbs":false,"_genesis_hide_singular_image":false,"_genesis_hide_footer_widgets":false,"_genesis_custom_body_class":"","_genesis_custom_post_class":"","_genesis_layout":"","_jetpack_memberships_contains_paid_content":false,"footnotes":""},"categories":[22],"tags":[],"class_list":{"0":"post-104","1":"post","2":"type-post","3":"status-publish","4":"format-standard","6":"category-brasil","7":"entry","8":"gs-1","9":"gs-odd","10":"gs-even","11":"gs-featured-content-entry"},"jetpack_featured_media_url":"","jetpack_sharing_enabled":true,"jetpack_likes_enabled":true,"_links":{"self":[{"href":"https:\/\/www.redenoticia.com.br\/noticia\/wp-json\/wp\/v2\/posts\/104","targetHints":{"allow":["GET"]}}],"collection":[{"href":"https:\/\/www.redenoticia.com.br\/noticia\/wp-json\/wp\/v2\/posts"}],"about":[{"href":"https:\/\/www.redenoticia.com.br\/noticia\/wp-json\/wp\/v2\/types\/post"}],"author":[{"embeddable":true,"href":"https:\/\/www.redenoticia.com.br\/noticia\/wp-json\/wp\/v2\/users\/2"}],"replies":[{"embeddable":true,"href":"https:\/\/www.redenoticia.com.br\/noticia\/wp-json\/wp\/v2\/comments?post=104"}],"version-history":[{"count":0,"href":"https:\/\/www.redenoticia.com.br\/noticia\/wp-json\/wp\/v2\/posts\/104\/revisions"}],"wp:attachment":[{"href":"https:\/\/www.redenoticia.com.br\/noticia\/wp-json\/wp\/v2\/media?parent=104"}],"wp:term":[{"taxonomy":"category","embeddable":true,"href":"https:\/\/www.redenoticia.com.br\/noticia\/wp-json\/wp\/v2\/categories?post=104"},{"taxonomy":"post_tag","embeddable":true,"href":"https:\/\/www.redenoticia.com.br\/noticia\/wp-json\/wp\/v2\/tags?post=104"}],"curies":[{"name":"wp","href":"https:\/\/api.w.org\/{rel}","templated":true}]}}