{"id":10386,"date":"2009-09-01T20:02:28","date_gmt":"2009-09-02T00:02:28","guid":{"rendered":"http:\/\/www.redenoticia.com.br\/noticia\/?p=10386"},"modified":"2009-09-01T20:02:28","modified_gmt":"2009-09-02T00:02:28","slug":"rondonia-tera-novo-posto-de-recebimento-de-embalagens-vazias-de-agrotoxicos","status":"publish","type":"post","link":"https:\/\/www.redenoticia.com.br\/noticia\/2009\/rondonia-tera-novo-posto-de-recebimento-de-embalagens-vazias-de-agrotoxicos\/10386","title":{"rendered":"Rond\u00f4nia ter\u00e1 novo posto de recebimento de embalagens vazias de agrot\u00f3xicos"},"content":{"rendered":"<p>A Associa\u00e7\u00e3o dos Revendedores de Produtos Agropecu\u00e1rios de Alta Floresta D\u2019Oeste (ALTA) e o inpEV, instituto que tem entre suas associadas as ind\u00fastrias fabricantes de defensivos agr\u00edcolas, inauguram, no dia 2 de setembro, o posto de recebimento de embalagens vazias de Alta Floresta D\u2019Oeste. A nova unidade atender\u00e1 tamb\u00e9m os produtores rurais do munic\u00edpio de Alto Alegre dos Parecis.<\/p>\n<p>O posto de recebimento de embalagens vazias de agrot\u00f3xicos, que tem 127 m<sup>2<\/sup> de \u00e1rea constru\u00edda, estar\u00e1 localizado na Linha 47,5 \u2013 km 6 \u2013 sa\u00edda para Santa Luzia. Os contatos para mais informa\u00e7\u00f5es podem ser feitos pelos telefones (69) 3641-2234 ou 3641-2272.<\/p>\n<p>Os postos s\u00e3o respons\u00e1veis pelo recebimento, inspe\u00e7\u00e3o e classifica\u00e7\u00e3o das embalagens vazias, que depois seguem para as centrais, onde s\u00e3o separadas por tipo de material, compactadas (no caso das embalagens destinadas \u00e0 reciclagem) e encaminhadas para a destina\u00e7\u00e3o final (reciclagem ou incinera\u00e7\u00e3o). O agricultor deve devolver as embalagens vazias dos agrot\u00f3xicos no local indicado na nota fiscal de compra, que pode ser um posto ou uma central de recebimento.<\/p>\n<p><strong>Servi\u00e7o \u2013 Inaugura\u00e7\u00e3o do posto de recebimento de embalagens vazias de Alta Floresta d\u2019Oeste<\/strong><\/p>\n<p><strong>Data<\/strong>: 2 de setembro de 2009 (quarta-feira)<\/p>\n<p><strong>Hor\u00e1rio<\/strong>: 9h<\/p>\n<p><strong>Local<\/strong>: Linha. 47,5 \u2013 km 6 \u2013 sa\u00edda para Santa Luzia &#8211; Alta Floresta d\u2019Oeste \u2013 RO<\/p>\n","protected":false},"excerpt":{"rendered":"<p>A Associa\u00e7\u00e3o dos Revendedores de Produtos Agropecu\u00e1rios de Alta Floresta D\u2019Oeste (ALTA) e o inpEV, instituto que tem entre suas associadas as ind\u00fastrias fabricantes de defensivos agr\u00edcolas, inauguram, no dia 2 de setembro, o posto de recebimento de embalagens vazias de Alta Floresta D\u2019Oeste. A nova unidade atender\u00e1 tamb\u00e9m os produtores rurais do munic\u00edpio de [&hellip;]<\/p>\n","protected":false},"author":2,"featured_media":0,"comment_status":"open","ping_status":"open","sticky":false,"template":"","format":"standard","meta":{"_genesis_hide_title":false,"_genesis_hide_breadcrumbs":false,"_genesis_hide_singular_image":false,"_genesis_hide_footer_widgets":false,"_genesis_custom_body_class":"","_genesis_custom_post_class":"","_genesis_layout":"","_jetpack_memberships_contains_paid_content":false,"footnotes":""},"categories":[22],"tags":[],"class_list":{"0":"post-10386","1":"post","2":"type-post","3":"status-publish","4":"format-standard","6":"category-brasil","7":"entry","8":"gs-1","9":"gs-odd","10":"gs-even","11":"gs-featured-content-entry"},"jetpack_featured_media_url":"","jetpack_sharing_enabled":true,"jetpack_likes_enabled":true,"_links":{"self":[{"href":"https:\/\/www.redenoticia.com.br\/noticia\/wp-json\/wp\/v2\/posts\/10386","targetHints":{"allow":["GET"]}}],"collection":[{"href":"https:\/\/www.redenoticia.com.br\/noticia\/wp-json\/wp\/v2\/posts"}],"about":[{"href":"https:\/\/www.redenoticia.com.br\/noticia\/wp-json\/wp\/v2\/types\/post"}],"author":[{"embeddable":true,"href":"https:\/\/www.redenoticia.com.br\/noticia\/wp-json\/wp\/v2\/users\/2"}],"replies":[{"embeddable":true,"href":"https:\/\/www.redenoticia.com.br\/noticia\/wp-json\/wp\/v2\/comments?post=10386"}],"version-history":[{"count":0,"href":"https:\/\/www.redenoticia.com.br\/noticia\/wp-json\/wp\/v2\/posts\/10386\/revisions"}],"wp:attachment":[{"href":"https:\/\/www.redenoticia.com.br\/noticia\/wp-json\/wp\/v2\/media?parent=10386"}],"wp:term":[{"taxonomy":"category","embeddable":true,"href":"https:\/\/www.redenoticia.com.br\/noticia\/wp-json\/wp\/v2\/categories?post=10386"},{"taxonomy":"post_tag","embeddable":true,"href":"https:\/\/www.redenoticia.com.br\/noticia\/wp-json\/wp\/v2\/tags?post=10386"}],"curies":[{"name":"wp","href":"https:\/\/api.w.org\/{rel}","templated":true}]}}