{"id":10367,"date":"2009-09-01T18:33:15","date_gmt":"2009-09-01T22:33:15","guid":{"rendered":"http:\/\/www.redenoticia.com.br\/noticia\/?p=10367"},"modified":"2009-09-01T18:33:15","modified_gmt":"2009-09-01T22:33:15","slug":"prefeito-de-ji-parana-ro-participa-do-lancamento-do-pre-sal","status":"publish","type":"post","link":"https:\/\/www.redenoticia.com.br\/noticia\/2009\/prefeito-de-ji-parana-ro-participa-do-lancamento-do-pre-sal\/10367","title":{"rendered":"Prefeito de Ji-Paran\u00e1 (RO) participa do lan\u00e7amento do Pr\u00e9-Sal"},"content":{"rendered":"<p><span style=\"font-family: &quot;Arial&quot;,&quot;sans-serif&quot;; color: black;\">O prefeito em exerc\u00edcio de Ji-Paran\u00e1, Jos\u00e9 Ot\u00f4nio Lima Silva (PSDB), participou nesta segunda-feira (31), da Cerim\u00f4nia de Apresenta\u00e7\u00e3o da Proposta de Modelo do Relat\u00f3rio do Pr\u00e9-sal, no Audit\u00f3rio M\u00e1ster do Centro de Conven\u00e7\u00f5es Ulysses Guimar\u00e3es, em Bras\u00edlia, Distrito Federal. O convite para a participa\u00e7\u00e3o deste evento foi feito pelo Presidente da Rep\u00fablica, Luiz In\u00e1cio Lula da Silva (PT). Durante a reuni\u00e3o, o Ministro Edison Lob\u00e3o (Minas e Energia) defendeu a divis\u00e3o dos recursos com todos os Estados brasileiros, apesar de o governo ter deixado a discuss\u00e3o sobre a divis\u00e3o dos royalties do pr\u00e9-sal para o Congresso Nacional. Jos\u00e9 Ot\u00f4nio avaliou como muito proveitosa \u00e0 reuni\u00e3o.\u00a0 \u201cCaso os royalties do pr\u00e9-sal tamb\u00e9m seja divididos com todos os Estados, temos a certeza de que todo o Estado vai crescer muito, devido aos investimentos que ser\u00e3o poss\u00edveis com essa divis\u00e3o\u201d, enfatizou o prefeito em exerc\u00edcio.<br \/>\nAproveitando a viagem, nesta ter\u00e7a-feira (1) Jos\u00e9 Ot\u00f4nio visitou os Senadores Valdir Raupp (PMDB), Expedito Junior (PR) e a Deputada Federal Marinha Raupp (PMDB) em Bras\u00edlia, e solicitou mais empenho na libera\u00e7\u00e3o de emendas para o munic\u00edpio. O prefeito em exerc\u00edcio acompanhado pelo ex-deputado federal Hamilton Casara (PSDB), participou de uma audi\u00eancia com o L\u00edder do PSDB, Deputado Federal Jos\u00e9 An\u00edbal. \u201cFoi uma grande troca de experi\u00eancia. O PSDB com certeza ter\u00e1 uma grande participa\u00e7\u00e3o nas pr\u00f3ximas elei\u00e7\u00f5es em todos os Estados, e n\u00e3o ser\u00e1 diferente em Rond\u00f4nia\u201d, disse o Jos\u00e9 Ot\u00f4nio.<br \/>\nJos\u00e9\u00a0Ot\u00f4nio, tamb\u00e9m foi recebido em uma audi\u00eancia pelo Brigadeiro Roberto de Medeiros Dantas, do Minist\u00e9rio da Defesa. Dantas elogiou o programa Calha Norte apresentado pelo prefeito em exerc\u00edcio e disse que v\u00ea Ji-Paran\u00e1 uma cidade muito promissora. Para o programa Calha Norte j\u00e1 est\u00e3o garantidos os seguintes recursos:<\/span><\/p>\n<p><span style=\"font-family: &quot;Arial&quot;,&quot;sans-serif&quot;; color: black;\">&#8211; R$ 800 mil, emenda do Deputado Federal Moreira Mendes (PPS), que ser\u00e3o utilizados para Urbaniza\u00e7\u00e3o do Canal 2 de abril.<\/span><\/p>\n<p><span style=\"font-family: &quot;Arial&quot;,&quot;sans-serif&quot;; color: black;\">&#8211; R$ 1,75 milh\u00e3o, emenda do Deputado Federal Anselmo de Jesus (PT), que ser\u00e3o utilizados em drenagem, pavimenta\u00e7\u00e3o e asfaltamento de quatro quil\u00f4metros nos Bairros Val Para\u00edso, JK e S\u00e3o Francisco. (Linha Amarela).<\/span><\/p>\n<p><span style=\"font-family: &quot;Arial&quot;,&quot;sans-serif&quot;; color: black;\">&#8211; R$ 450 mil, emenda do Deputado Federal Mauro Nazif (PSB), para bloqueteamento nos Bairro Santiago (KM 5), nas proximidades do Posto de Sa\u00fade.<\/span><\/p>\n<p><span style=\"font-family: &quot;Arial&quot;,&quot;sans-serif&quot;; color: black;\">&#8211; R$ 230 mil, emenda da Senadora F\u00e1tima Cleide (PT) para bloqueteamento da Rua Menezes Filho.<\/span><\/p>\n<p><span style=\"font-family: &quot;Arial&quot;,&quot;sans-serif&quot;; color: black;\">&#8211; R$ 1 milh\u00e3o, emenda do Deputado Federal Natan Donadon (PMDB), para conclus\u00e3o do bloqueteamento do BNH.<\/span><\/p>\n<p><span style=\"font-family: &quot;Arial&quot;,&quot;sans-serif&quot;; color: black;\">Na visita, o prefeito esteve acompanhado pelo Secret\u00e1rio Municipal de Governo, Rui Vieira e do Assessor Executivo, Jos\u00e9 Carlos Lamota.<\/span><\/p>\n","protected":false},"excerpt":{"rendered":"<p>O prefeito em exerc\u00edcio de Ji-Paran\u00e1, Jos\u00e9 Ot\u00f4nio Lima Silva (PSDB), participou nesta segunda-feira (31), da Cerim\u00f4nia de Apresenta\u00e7\u00e3o da Proposta de Modelo do Relat\u00f3rio do Pr\u00e9-sal, no Audit\u00f3rio M\u00e1ster do Centro de Conven\u00e7\u00f5es Ulysses Guimar\u00e3es, em Bras\u00edlia, Distrito Federal. O convite para a participa\u00e7\u00e3o deste evento foi feito pelo Presidente da Rep\u00fablica, Luiz In\u00e1cio [&hellip;]<\/p>\n","protected":false},"author":2,"featured_media":0,"comment_status":"open","ping_status":"open","sticky":false,"template":"","format":"standard","meta":{"_genesis_hide_title":false,"_genesis_hide_breadcrumbs":false,"_genesis_hide_singular_image":false,"_genesis_hide_footer_widgets":false,"_genesis_custom_body_class":"","_genesis_custom_post_class":"","_genesis_layout":"","_jetpack_memberships_contains_paid_content":false,"footnotes":""},"categories":[22],"tags":[],"class_list":{"0":"post-10367","1":"post","2":"type-post","3":"status-publish","4":"format-standard","6":"category-brasil","7":"entry","8":"gs-1","9":"gs-odd","10":"gs-even","11":"gs-featured-content-entry"},"jetpack_featured_media_url":"","jetpack_sharing_enabled":true,"jetpack_likes_enabled":true,"_links":{"self":[{"href":"https:\/\/www.redenoticia.com.br\/noticia\/wp-json\/wp\/v2\/posts\/10367","targetHints":{"allow":["GET"]}}],"collection":[{"href":"https:\/\/www.redenoticia.com.br\/noticia\/wp-json\/wp\/v2\/posts"}],"about":[{"href":"https:\/\/www.redenoticia.com.br\/noticia\/wp-json\/wp\/v2\/types\/post"}],"author":[{"embeddable":true,"href":"https:\/\/www.redenoticia.com.br\/noticia\/wp-json\/wp\/v2\/users\/2"}],"replies":[{"embeddable":true,"href":"https:\/\/www.redenoticia.com.br\/noticia\/wp-json\/wp\/v2\/comments?post=10367"}],"version-history":[{"count":0,"href":"https:\/\/www.redenoticia.com.br\/noticia\/wp-json\/wp\/v2\/posts\/10367\/revisions"}],"wp:attachment":[{"href":"https:\/\/www.redenoticia.com.br\/noticia\/wp-json\/wp\/v2\/media?parent=10367"}],"wp:term":[{"taxonomy":"category","embeddable":true,"href":"https:\/\/www.redenoticia.com.br\/noticia\/wp-json\/wp\/v2\/categories?post=10367"},{"taxonomy":"post_tag","embeddable":true,"href":"https:\/\/www.redenoticia.com.br\/noticia\/wp-json\/wp\/v2\/tags?post=10367"}],"curies":[{"name":"wp","href":"https:\/\/api.w.org\/{rel}","templated":true}]}}