{"id":10358,"date":"2009-08-31T20:19:59","date_gmt":"2009-09-01T00:19:59","guid":{"rendered":"http:\/\/www.redenoticia.com.br\/noticia\/?p=10358"},"modified":"2009-08-31T20:19:59","modified_gmt":"2009-09-01T00:19:59","slug":"climatempo-nova-frente-fria-chega-ao-sul-e-promete-mudar-o-tempo-no-brasil","status":"publish","type":"post","link":"https:\/\/www.redenoticia.com.br\/noticia\/2009\/climatempo-nova-frente-fria-chega-ao-sul-e-promete-mudar-o-tempo-no-brasil\/10358","title":{"rendered":"Climatempo &#8211; Nova frente fria chega ao Sul e promete mudar o tempo no Brasil"},"content":{"rendered":"<p><a href=\"https:\/\/www.redenoticia.com.br\/noticia\/imagens\/\/clima0109.jpg\"><img loading=\"lazy\" decoding=\"async\" class=\"alignleft size-full wp-image-10359\" title=\"clima0109\" src=\"https:\/\/www.redenoticia.com.br\/noticia\/imagens\/\/clima0109.jpg\" alt=\"clima0109\" width=\"150\" height=\"113\" srcset=\"https:\/\/www.redenoticia.com.br\/noticia\/imagens\/clima0109.jpg 150w, https:\/\/www.redenoticia.com.br\/noticia\/imagens\/clima0109-148x112.jpg 148w\" sizes=\"auto, (max-width: 150px) 100vw, 150px\" \/><\/a>Climatempo\u00a0 &#8211; Uma nova frente fria promete mudar o tempo a partir de hoje. O sistema j\u00e1 provocava chuva, raios e ventos fortes em Buenos Aires na madrugada desta segunda-feira. Segundo a <strong>Climatempo<\/strong>, nesta ter\u00e7a-feira a frente fria avan\u00e7a pelo Rio Grande do Sul, causando bastante chuva. Santa Catarina e o sul do Paran\u00e1 ter\u00e3o sol, aumento de nuvens e pancadas de chuva ao longo do dia. Na ter\u00e7a-feira, o sol aparece em todas as \u00e1reas do Sudeste do Pa\u00eds. A temperatura sobe e faz calor \u00e0 tarde, com baixa umidade do ar. Na madrugada e ao amanhecer faz frio nos trechos mais altos da Serra da Mantiqueira. Dados <strong>Climatempo<\/strong> indicam que \u00e0 tarde as nuvens aumentam e acontecem pancadas de chuva no oeste de Minas, no Tri\u00e2ngulo Mineiro e no noroeste de S\u00e3o Paulo.<\/p>\n<p>O sol aparece em todo o Centro-Oeste do Brasil. A partir da tarde o tempo quente juntamente com a umidade que chega do Norte do Brasil formam nuvens carregadas que provocam pancadas de chuva.<\/p>\n<p>Sobre o Grupo Climatempo &#8211;\u00a0O Grupo Climatempo \u00e9 a maior empresa privada de meteorologia do pa\u00eds. Uma holding formada pela Climatempo Consultoria, Ag\u00eancia Climatempo, a TV Climatempo e a CLIMANET (Internet, servi\u00e7os de tecnologia e inform\u00e1tica). Atualmente, o Grupo Climatempo fornece conte\u00fado para os principais portais do pa\u00eds, mais de 50 retransmissoras de televis\u00e3o do Brasil, r\u00e1dios e tem cerca de mil clientes. Os dois principais segmentos atendidos s\u00e3o o de agroneg\u00f3cios e meios de comunica\u00e7\u00e3o. Al\u00e9m destes, fornece conte\u00fado meteorol\u00f3gico estrat\u00e9gico para produtoras, a ind\u00fastria eletroeletr\u00f4nica e t\u00eaxtil, com\u00e9rcio, moda e turismo, constru\u00e7\u00e3o civil, setor de energia, entre outros setores.<\/p>\n<p>O Grupo \u00e9 presidido pelo meteorologista Carlos Magno, um dos primeiros comunicadores da profiss\u00e3o no Pa\u00eds, com mais de 23 anos de carreira, que ajudou a mudar a cultura que o brasileiro tinha sobre a meteorologia. O Grupo Climatempo conta ainda com Ana L\u00facia Frony vice-presidente, Renato Urbinder, s\u00f3cio-diretor (Diretor de Neg\u00f3cios e Projetos Especiais), e os diretores executivos Gilca Palma (Climatempo Meteorologia), Andr\u00e9 Madeira (Ag\u00eancia Climatempo) e o jornalista Paulo Polli (TV Climatempo) no Conselho Consultivo.<\/p>\n","protected":false},"excerpt":{"rendered":"<p>Climatempo\u00a0 &#8211; Uma nova frente fria promete mudar o tempo a partir de hoje. O sistema j\u00e1 provocava chuva, raios e ventos fortes em Buenos Aires na madrugada desta segunda-feira. Segundo a Climatempo, nesta ter\u00e7a-feira a frente fria avan\u00e7a pelo Rio Grande do Sul, causando bastante chuva. Santa Catarina e o sul do Paran\u00e1 ter\u00e3o [&hellip;]<\/p>\n","protected":false},"author":3,"featured_media":0,"comment_status":"open","ping_status":"open","sticky":false,"template":"","format":"standard","meta":{"_genesis_hide_title":false,"_genesis_hide_breadcrumbs":false,"_genesis_hide_singular_image":false,"_genesis_hide_footer_widgets":false,"_genesis_custom_body_class":"","_genesis_custom_post_class":"","_genesis_layout":"","_jetpack_memberships_contains_paid_content":false,"footnotes":""},"categories":[22,327],"tags":[],"class_list":{"0":"post-10358","1":"post","2":"type-post","3":"status-publish","4":"format-standard","6":"category-brasil","7":"category-clima","8":"entry","9":"has-post-thumbnail","10":"gs-1","11":"gs-odd","12":"gs-even","13":"gs-featured-content-entry"},"jetpack_featured_media_url":"","jetpack_sharing_enabled":true,"jetpack_likes_enabled":true,"_links":{"self":[{"href":"https:\/\/www.redenoticia.com.br\/noticia\/wp-json\/wp\/v2\/posts\/10358","targetHints":{"allow":["GET"]}}],"collection":[{"href":"https:\/\/www.redenoticia.com.br\/noticia\/wp-json\/wp\/v2\/posts"}],"about":[{"href":"https:\/\/www.redenoticia.com.br\/noticia\/wp-json\/wp\/v2\/types\/post"}],"author":[{"embeddable":true,"href":"https:\/\/www.redenoticia.com.br\/noticia\/wp-json\/wp\/v2\/users\/3"}],"replies":[{"embeddable":true,"href":"https:\/\/www.redenoticia.com.br\/noticia\/wp-json\/wp\/v2\/comments?post=10358"}],"version-history":[{"count":0,"href":"https:\/\/www.redenoticia.com.br\/noticia\/wp-json\/wp\/v2\/posts\/10358\/revisions"}],"wp:attachment":[{"href":"https:\/\/www.redenoticia.com.br\/noticia\/wp-json\/wp\/v2\/media?parent=10358"}],"wp:term":[{"taxonomy":"category","embeddable":true,"href":"https:\/\/www.redenoticia.com.br\/noticia\/wp-json\/wp\/v2\/categories?post=10358"},{"taxonomy":"post_tag","embeddable":true,"href":"https:\/\/www.redenoticia.com.br\/noticia\/wp-json\/wp\/v2\/tags?post=10358"}],"curies":[{"name":"wp","href":"https:\/\/api.w.org\/{rel}","templated":true}]}}