{"id":103543,"date":"2017-01-03T06:12:26","date_gmt":"2017-01-03T08:12:26","guid":{"rendered":"http:\/\/www.redenoticia.com.br\/noticia\/?p=103543"},"modified":"2017-01-02T19:16:06","modified_gmt":"2017-01-02T21:16:06","slug":"um-ano-apos-anuncio-repelentes-nao-foram-entregues-a-gravidas-do-bolsa-familia","status":"publish","type":"post","link":"https:\/\/www.redenoticia.com.br\/noticia\/2017\/um-ano-apos-anuncio-repelentes-nao-foram-entregues-a-gravidas-do-bolsa-familia\/103543","title":{"rendered":"Um ano ap\u00f3s an\u00fancio, repelentes n\u00e3o foram entregues a gr\u00e1vidas do Bolsa Fam\u00edlia"},"content":{"rendered":"<p> Um ano ap\u00f3s o an\u00fancio feito pelo governo federal, os repelentes prometidos a gr\u00e1vidas benefici\u00e1rias do Programa <strong><em>Bolsa Fam\u00edlia<\/em><\/strong> ainda n\u00e3o come\u00e7aram a ser entregues. O preg\u00e3o para a compra dos produtos foi feito em dezembro do ano passado e o processo de licita\u00e7\u00e3o est\u00e1 em andamento.<\/p>\n<p>A expectativa do Minist\u00e9rio da Sa\u00fade \u00e9 de que, uma vez conclu\u00edda a fase da licita\u00e7\u00e3o, os repelentes passem a ser entregues cerca de 15 dias depois. Ainda segundo a pasta, a burocracia comprometeu a agilidade do processo, j\u00e1 que houve dificuldade em encontrar empresas com capacidade de fornecer o produto em grandes quantidades.<\/p>\n<p>Diante dos entraves, a nova previs\u00e3o do governo federal \u00e9 que os repelentes comecem a ser distribu\u00eddos no fim deste m\u00eas \u2013 cerca de um m\u00eas ap\u00f3s o in\u00edcio do ver\u00e3o, per\u00edodo em que as chuvas intensas contribuem para a prolifera\u00e7\u00e3o do mosquito Aedes aegypti. O vetor transmite os v\u00edrus da dengue, febre chikungunya e Zika.<\/p>\n<p>O an\u00fancio<\/p>\n<p>Em janeiro de 2016, o governo federal anunciou que distribuiria gratuitamente repelentes a gr\u00e1vidas que participam do Programa Bolsa Fam\u00edlia. A a\u00e7\u00e3o buscava intensificar o combate ao mosquito, respons\u00e1vel pelo aumento dos casos de microcefalia no pa\u00eds.<\/p>\n<p>O ministro da Sa\u00fade \u00e0 \u00e9poca, Marcelo Castro, informou que iria se reunir com fabricantes de repelentes para estudar a viabilidade de fornecer a quantidade necess\u00e1ria. Segundo ele, o governo trabalha com o n\u00famero m\u00e9dio de 400 mil gestantes aptas a receber o produto em todo o pa\u00eds.<\/p>\n<p>O decreto<\/p>\n<p>Em abril do ano passado, a ent\u00e3o presidente Dilma Rousseff assinou decreto que institu\u00eda o programa de preven\u00e7\u00e3o e prote\u00e7\u00e3o individual de gestantes em situa\u00e7\u00e3o de vulnerabilidade socioecon\u00f4mica contra o Aedes aegypti.<\/p>\n<p>De acordo com a publica\u00e7\u00e3o, se caracterizam como em situa\u00e7\u00e3o de vulnerabilidade socioecon\u00f4mica as gestantes que integram fam\u00edlias benefici\u00e1rias do Programa Bolsa Fam\u00edlia.<\/p>\n<p>A defini\u00e7\u00e3o de quais os insumos que seriam adquiridos e distribu\u00eddos ficaria a cargo do Minist\u00e9rio da Sa\u00fade que, conforme o decreto, atuaria de forma conjunta com o Minist\u00e9rio do Desenvolvimento Social e Combate \u00e0 Fome para a implementa\u00e7\u00e3o do programa.<\/p>\n<p>Paula Laboissi\u00e8re &#8211; Rep\u00f3rter da Ag\u00eancia Brasil<br \/>\nEdi\u00e7\u00e3o: Gra\u00e7a Adjuto<br \/>\n03\/01\/2017<\/p>\n","protected":false},"excerpt":{"rendered":"<p>Um ano ap\u00f3s o an\u00fancio feito pelo governo federal, os repelentes prometidos a gr\u00e1vidas benefici\u00e1rias do Programa Bolsa Fam\u00edlia ainda n\u00e3o come\u00e7aram a ser entregues. O preg\u00e3o para a compra dos produtos foi feito em dezembro do ano passado e o processo de licita\u00e7\u00e3o est\u00e1 em andamento. A expectativa do Minist\u00e9rio da Sa\u00fade \u00e9 de [&hellip;]<\/p>\n","protected":false},"author":2,"featured_media":40847,"comment_status":"open","ping_status":"closed","sticky":false,"template":"","format":"standard","meta":{"_genesis_hide_title":false,"_genesis_hide_breadcrumbs":false,"_genesis_hide_singular_image":false,"_genesis_hide_footer_widgets":false,"_genesis_custom_body_class":"","_genesis_custom_post_class":"","_genesis_layout":"","_jetpack_memberships_contains_paid_content":false,"footnotes":""},"categories":[22,5],"tags":[],"class_list":{"0":"post-103543","1":"post","2":"type-post","3":"status-publish","4":"format-standard","5":"has-post-thumbnail","7":"category-brasil","8":"category-saude-e-vida","9":"entry","10":"gs-1","11":"gs-odd","12":"gs-even","13":"gs-featured-content-entry"},"jetpack_featured_media_url":"https:\/\/www.redenoticia.com.br\/noticia\/imagens\/dengue-combate.jpg","jetpack_sharing_enabled":true,"jetpack_likes_enabled":true,"_links":{"self":[{"href":"https:\/\/www.redenoticia.com.br\/noticia\/wp-json\/wp\/v2\/posts\/103543","targetHints":{"allow":["GET"]}}],"collection":[{"href":"https:\/\/www.redenoticia.com.br\/noticia\/wp-json\/wp\/v2\/posts"}],"about":[{"href":"https:\/\/www.redenoticia.com.br\/noticia\/wp-json\/wp\/v2\/types\/post"}],"author":[{"embeddable":true,"href":"https:\/\/www.redenoticia.com.br\/noticia\/wp-json\/wp\/v2\/users\/2"}],"replies":[{"embeddable":true,"href":"https:\/\/www.redenoticia.com.br\/noticia\/wp-json\/wp\/v2\/comments?post=103543"}],"version-history":[{"count":0,"href":"https:\/\/www.redenoticia.com.br\/noticia\/wp-json\/wp\/v2\/posts\/103543\/revisions"}],"wp:featuredmedia":[{"embeddable":true,"href":"https:\/\/www.redenoticia.com.br\/noticia\/wp-json\/wp\/v2\/media\/40847"}],"wp:attachment":[{"href":"https:\/\/www.redenoticia.com.br\/noticia\/wp-json\/wp\/v2\/media?parent=103543"}],"wp:term":[{"taxonomy":"category","embeddable":true,"href":"https:\/\/www.redenoticia.com.br\/noticia\/wp-json\/wp\/v2\/categories?post=103543"},{"taxonomy":"post_tag","embeddable":true,"href":"https:\/\/www.redenoticia.com.br\/noticia\/wp-json\/wp\/v2\/tags?post=103543"}],"curies":[{"name":"wp","href":"https:\/\/api.w.org\/{rel}","templated":true}]}}