{"id":103165,"date":"2016-12-29T06:31:08","date_gmt":"2016-12-29T08:31:08","guid":{"rendered":"http:\/\/www.redenoticia.com.br\/noticia\/?p=103165"},"modified":"2016-12-28T18:32:54","modified_gmt":"2016-12-28T20:32:54","slug":"reveillon-em-copacabana-deve-reunir-2-milhoes-de-pessoas","status":"publish","type":"post","link":"https:\/\/www.redenoticia.com.br\/noticia\/2016\/reveillon-em-copacabana-deve-reunir-2-milhoes-de-pessoas\/103165","title":{"rendered":"R\u00e9veillon em Copacabana deve reunir 2 milh\u00f5es de pessoas"},"content":{"rendered":"<p> \u00d3rg\u00e3os envolvidos na opera\u00e7\u00e3o do <strong><em>R\u00e9veillon de Copacabana<\/em><\/strong> como a prefeitura, o Corpo de Bombeiros e a Pol\u00edcia Civil divulgaram o planejamento para a festa, que deve reunir 2 milh\u00f5es de pessoas. A expectativa \u00e9 que haja 865 mil turistas na cidade, e que a economia receba uma inje\u00e7\u00e3o de US$ 690 milh\u00f5es.<\/p>\n<p>O secret\u00e1rio de Turismo do Rio de Janeiro, Antonio Pedro Figueira de Melo, destacou que 2016 foi um ano bom para a hotelaria carioca j\u00e1 que, al\u00e9m dos Jogos Ol\u00edmpicos e Paral\u00edmpicos, a cidade foi beneficiada pela alta do d\u00f3lar.<\/p>\n<p>&#8220;O d\u00f3lar forte ajuda o turista internacional a vir&#8221;, disse ele, que complementou: &#8220;O turista brasileiro acaba ficando no Brasil e vindo para a cidade do Rio de Janeiro&#8221;.<\/p>\n<p>A taxa de ocupa\u00e7\u00e3o m\u00e9dia dos hot\u00e9is na cidade \u00e9 de 78%, n\u00famero que a secretaria considera positivo, j\u00e1 que houve aumento na quantidade de quartos dispon\u00edveis. Nos bairros Leme e Copacabana, a taxa sobe para 86%.<\/p>\n<p>Bloqueios<\/p>\n<p>O deslocamento por transporte p\u00fablico continua a ser uma das principais recomenda\u00e7\u00f5es para a festa de Ano-Novo, j\u00e1 que as ruas de Copacabana ser\u00e3o totalmente bloqueadas para ve\u00edculos particulares a partir das 19h, o que inclui \u00f4nibus fretados, ve\u00edculos de turismo e motoristas que prestam servi\u00e7o por aplicativos como o Uber. O bloqueio come\u00e7ar\u00e1 uma hora mais tarde neste ano e terminar\u00e1 apenas \u00e0s 5h do dia 1\u00ba.<\/p>\n<p>Mesmo os \u00f4nibus e t\u00e1xis credenciados n\u00e3o poder\u00e3o circular em Copacabana depois das 22h, quando a expectativa \u00e9 que grande parte do p\u00fablico j\u00e1 esteja nas ruas.<\/p>\n<p>O momento considerado mais cr\u00edtico no deslocamento s\u00e3o os minutos posteriores \u00e0 queima de fogos, at\u00e9 a 1h. A prefeitura pede que as pessoas evitem sair de uma s\u00f3 vez e deixem o bairro com tranquilidade.<\/p>\n<p>Al\u00e9m das quatro esta\u00e7\u00f5es de metr\u00f4 nos arredores, o p\u00fablico poder\u00e1 se dirigir aos dois terminais de \u00f4nibus preparados para o dia do r\u00e9veillon. Na Enseada de Botafogo, v\u00e3o parar os \u00f4nibus para o centro e zona norte. Nas avenidas Prudente de Morais e Vieira Souto, em Ipanema, v\u00e3o ficar os pontos para quem segue com destino \u00e0 zona oeste. Neste ano, tamb\u00e9m ser\u00e1 poss\u00edvel usar a Linha 4 do metr\u00f4 para ir \u00e0 Barra da Tijuca e de l\u00e1 embarcar nos BRTs. Os bilhetes de metr\u00f4, no entanto, s\u00f3 poder\u00e3o ser compradas antecipadamente e n\u00e3o estar\u00e3o dispon\u00edvel no dia da festa.<\/p>\n<p>O estacionamento em Copacabana tamb\u00e9m ser\u00e1 proibido, a partir do dia 30 de dezembro. Trinta reboques v\u00e3o trabalhar no recolhimento dos carros que estiverem em local proibido. Quem tiver o carro rebocado ter\u00e1 que pagar uma taxa emitida no site da Secretaria Municipal de Transporte Urbano e buscar o ve\u00edculo em um dep\u00f3sito em S\u00e3o Crist\u00f3v\u00e3o, na zona norte.<\/p>\n<p>Crian\u00e7as perdidas<\/p>\n<p>Outra preocupa\u00e7\u00e3o do Poder P\u00fablico \u00e9 com menores que venham a se perder dos pais. Segundo a Secretaria Municipal de Desenvolvimento Social, 876 crian\u00e7as e adolescentes se perderam no ano passado e precisaram de ajuda para reencontrar os respons\u00e1veis. A identifica\u00e7\u00e3o de pulseiras fez com que o problema fosse resolvido mais rapidamente em 30% dos casos.<\/p>\n<p>A secretaria deve distribuir pulseiras de identifica\u00e7\u00e3o imperme\u00e1veis nas sa\u00eddas do metr\u00f4, mas recomenda que os pais j\u00e1 saiam de casa com os filhos identificados. A Guarda Municipal tamb\u00e9m deve distribuir pulseiras em tendas montadas ao longo da praia.<\/p>\n<p>Os \u00f3rg\u00e3os envolvidos na opera\u00e7\u00e3o tamb\u00e9m recomendam que os participantes da festa bebam bastante l\u00edquido, evitem andar descal\u00e7o, n\u00e3o deixem de tomar medicamentos de uso cont\u00ednuo e armazenem bem os alimentos.<\/p>\n<p>Festas<\/p>\n<p>Neste ano, o R\u00e9veillon de Copacabana ter\u00e1 apenas um palco, na altura do Copacabana Palace, e a principal atra\u00e7\u00e3o ser\u00e1 um show do Grande Encontro, reunindo Elba Ramalho, Alceu Valen\u00e7a e Geraldo Azevedo. As atra\u00e7\u00f5es come\u00e7am \u00e0s 18h30 e devem se estender at\u00e9 depois das 3h. O show principal est\u00e1 marcado para as 21h45.<\/p>\n<p>Outras queimas de fogos foram organizadas fora de Copacabana, em \u00e1reas de lazer e outras praias. As festas ter\u00e3o palcos e apresenta\u00e7\u00f5es ao vivo e poder\u00e3o ser acompanhadas em Sepetiba, Ilha do Governador, Barra Tijuca, Flamengo, Ramos, Madureira, Penha, Guaratiba e Paquet\u00e1.<\/p>\n<p>Vinicius Lisboa &#8211; Rep\u00f3rter da Ag\u00eancia Brasil<br \/>\nEdi\u00e7\u00e3o: Juliana Andrade<br \/>\n29\/12\/2016<\/p>\n","protected":false},"excerpt":{"rendered":"<p>\u00d3rg\u00e3os envolvidos na opera\u00e7\u00e3o do R\u00e9veillon de Copacabana como a prefeitura, o Corpo de Bombeiros e a Pol\u00edcia Civil divulgaram o planejamento para a festa, que deve reunir 2 milh\u00f5es de pessoas. A expectativa \u00e9 que haja 865 mil turistas na cidade, e que a economia receba uma inje\u00e7\u00e3o de US$ 690 milh\u00f5es. O secret\u00e1rio [&hellip;]<\/p>\n","protected":false},"author":2,"featured_media":41101,"comment_status":"open","ping_status":"closed","sticky":false,"template":"","format":"standard","meta":{"_genesis_hide_title":false,"_genesis_hide_breadcrumbs":false,"_genesis_hide_singular_image":false,"_genesis_hide_footer_widgets":false,"_genesis_custom_body_class":"","_genesis_custom_post_class":"","_genesis_layout":"","_jetpack_memberships_contains_paid_content":false,"footnotes":""},"categories":[22],"tags":[],"class_list":{"0":"post-103165","1":"post","2":"type-post","3":"status-publish","4":"format-standard","5":"has-post-thumbnail","7":"category-brasil","8":"entry","9":"gs-1","10":"gs-odd","11":"gs-even","12":"gs-featured-content-entry"},"jetpack_featured_media_url":"https:\/\/www.redenoticia.com.br\/noticia\/imagens\/praia-balneario.jpg","jetpack_sharing_enabled":true,"jetpack_likes_enabled":true,"_links":{"self":[{"href":"https:\/\/www.redenoticia.com.br\/noticia\/wp-json\/wp\/v2\/posts\/103165","targetHints":{"allow":["GET"]}}],"collection":[{"href":"https:\/\/www.redenoticia.com.br\/noticia\/wp-json\/wp\/v2\/posts"}],"about":[{"href":"https:\/\/www.redenoticia.com.br\/noticia\/wp-json\/wp\/v2\/types\/post"}],"author":[{"embeddable":true,"href":"https:\/\/www.redenoticia.com.br\/noticia\/wp-json\/wp\/v2\/users\/2"}],"replies":[{"embeddable":true,"href":"https:\/\/www.redenoticia.com.br\/noticia\/wp-json\/wp\/v2\/comments?post=103165"}],"version-history":[{"count":0,"href":"https:\/\/www.redenoticia.com.br\/noticia\/wp-json\/wp\/v2\/posts\/103165\/revisions"}],"wp:featuredmedia":[{"embeddable":true,"href":"https:\/\/www.redenoticia.com.br\/noticia\/wp-json\/wp\/v2\/media\/41101"}],"wp:attachment":[{"href":"https:\/\/www.redenoticia.com.br\/noticia\/wp-json\/wp\/v2\/media?parent=103165"}],"wp:term":[{"taxonomy":"category","embeddable":true,"href":"https:\/\/www.redenoticia.com.br\/noticia\/wp-json\/wp\/v2\/categories?post=103165"},{"taxonomy":"post_tag","embeddable":true,"href":"https:\/\/www.redenoticia.com.br\/noticia\/wp-json\/wp\/v2\/tags?post=103165"}],"curies":[{"name":"wp","href":"https:\/\/api.w.org\/{rel}","templated":true}]}}