{"id":103163,"date":"2016-12-29T06:30:08","date_gmt":"2016-12-29T08:30:08","guid":{"rendered":"http:\/\/www.redenoticia.com.br\/noticia\/?p=103163"},"modified":"2016-12-28T18:31:03","modified_gmt":"2016-12-28T20:31:03","slug":"primeiros-cadastros-do-cartao-reforma-serao-feitos-em-pernambuco-diz-ministro","status":"publish","type":"post","link":"https:\/\/www.redenoticia.com.br\/noticia\/2016\/primeiros-cadastros-do-cartao-reforma-serao-feitos-em-pernambuco-diz-ministro\/103163","title":{"rendered":"Primeiros cadastros do Cart\u00e3o Reforma ser\u00e3o feitos em Pernambuco, diz ministro"},"content":{"rendered":"<p> O projeto-piloto do <strong><em>Cart\u00e3o Reforma<\/em><\/strong>, do Minist\u00e9rio das Cidades, deve ser implantado em 2017 em Pernambuco, possivelmente na regi\u00e3o agreste do estado. A informa\u00e7\u00e3o foi divulgada pelo ministro Bruno Ara\u00fajo em evento no Pal\u00e1cio do Campo das Princesas, sede do governo pernambucano.<\/p>\n<p>\u201cTemos R$ 1 bilh\u00e3o no Brasil para 2017 e queremos que o projeto-piloto tenha Pernambuco como estado sede do Cart\u00e3o Reforma para servir de modelo para todo o pa\u00eds\u201d, disse o ministro. \u201cEstamos discutindo ainda, mas queremos fazer na regi\u00e3o do agreste. E queremos fazer os primeiros cadastros do Cart\u00e3o Reforma possivelmente no m\u00eas de abril, entregando os primeiros cart\u00f5es no m\u00eas de maio, com as obras conclu\u00eddas nas casas das pessoas at\u00e9 setembro de 2017\u201d, adiantou o ministro das Cidades.<\/p>\n<p> Segundo Ara\u00fajo, o Cart\u00e3o Reforma vai beneficiar pessoas que constru\u00edram com o pr\u00f3prio dinheiro, mas precisam de \u201cajuda para aumentar a casa, recuperar a fossa, fazer reparos\u201d.<\/p>\n<p>O benef\u00edcio ser\u00e1 concedido a fam\u00edlias com renda bruta mensal de at\u00e9 R$ 1,8 mil. Elas v\u00e3o receber R$ 5 mil para comprar equipamentos de constru\u00e7\u00e3o e ser\u00e3o respons\u00e1veis pela m\u00e3o de obra. No lan\u00e7amento do cart\u00e3o, em novembro, o governo informou que o programa deve atender entre 85 mil e 100 mil fam\u00edlias em 2017.<\/p>\n<p>Libera\u00e7\u00e3o do FGTS<\/p>\n<p>Perguntado sobre a uma poss\u00edvel insatisfa\u00e7\u00e3o do setor imobili\u00e1rio com a libera\u00e7\u00e3o do saque dos recursos de contas inativas do Fundo de Garantia do Tempo de Servi\u00e7o (FGTS), anunciado na \u00faltima semana pelo governo, Ara\u00fajo disse que o dinheiro \u00e9 dos trabalhadores.<\/p>\n<p>\u201cO FGTS \u00e9 recurso do trabalhador brasileiro, ele n\u00e3o \u00e9 recurso de um segmento \u2013 ou imobili\u00e1rio, ou da ind\u00fastria, do com\u00e9rcio. Ele tem que servir ao trabalhador brasileiro garantir o devido financiamento. O que se fez nesse momento foi permitir que os recursos de contas inativas possam oxigenar a economia.\u201d<\/p>\n<p>Sumaia Villela &#8211; Correspondente da Ag\u00eancia Brasil<br \/>\nEdi\u00e7\u00e3o: Luana Louren\u00e7o<br \/>\n29\/12\/2016<\/p>\n","protected":false},"excerpt":{"rendered":"<p>O projeto-piloto do Cart\u00e3o Reforma, do Minist\u00e9rio das Cidades, deve ser implantado em 2017 em Pernambuco, possivelmente na regi\u00e3o agreste do estado. A informa\u00e7\u00e3o foi divulgada pelo ministro Bruno Ara\u00fajo em evento no Pal\u00e1cio do Campo das Princesas, sede do governo pernambucano. \u201cTemos R$ 1 bilh\u00e3o no Brasil para 2017 e queremos que o projeto-piloto [&hellip;]<\/p>\n","protected":false},"author":2,"featured_media":57584,"comment_status":"open","ping_status":"closed","sticky":false,"template":"","format":"standard","meta":{"_genesis_hide_title":false,"_genesis_hide_breadcrumbs":false,"_genesis_hide_singular_image":false,"_genesis_hide_footer_widgets":false,"_genesis_custom_body_class":"","_genesis_custom_post_class":"","_genesis_layout":"","_jetpack_memberships_contains_paid_content":false,"footnotes":""},"categories":[22,7],"tags":[],"class_list":{"0":"post-103163","1":"post","2":"type-post","3":"status-publish","4":"format-standard","5":"has-post-thumbnail","7":"category-brasil","8":"category-economia","9":"entry","10":"gs-1","11":"gs-odd","12":"gs-even","13":"gs-featured-content-entry"},"jetpack_featured_media_url":"https:\/\/www.redenoticia.com.br\/noticia\/imagens\/economia-grafica-analise-inflacao.jpg","jetpack_sharing_enabled":true,"jetpack_likes_enabled":true,"_links":{"self":[{"href":"https:\/\/www.redenoticia.com.br\/noticia\/wp-json\/wp\/v2\/posts\/103163","targetHints":{"allow":["GET"]}}],"collection":[{"href":"https:\/\/www.redenoticia.com.br\/noticia\/wp-json\/wp\/v2\/posts"}],"about":[{"href":"https:\/\/www.redenoticia.com.br\/noticia\/wp-json\/wp\/v2\/types\/post"}],"author":[{"embeddable":true,"href":"https:\/\/www.redenoticia.com.br\/noticia\/wp-json\/wp\/v2\/users\/2"}],"replies":[{"embeddable":true,"href":"https:\/\/www.redenoticia.com.br\/noticia\/wp-json\/wp\/v2\/comments?post=103163"}],"version-history":[{"count":0,"href":"https:\/\/www.redenoticia.com.br\/noticia\/wp-json\/wp\/v2\/posts\/103163\/revisions"}],"wp:featuredmedia":[{"embeddable":true,"href":"https:\/\/www.redenoticia.com.br\/noticia\/wp-json\/wp\/v2\/media\/57584"}],"wp:attachment":[{"href":"https:\/\/www.redenoticia.com.br\/noticia\/wp-json\/wp\/v2\/media?parent=103163"}],"wp:term":[{"taxonomy":"category","embeddable":true,"href":"https:\/\/www.redenoticia.com.br\/noticia\/wp-json\/wp\/v2\/categories?post=103163"},{"taxonomy":"post_tag","embeddable":true,"href":"https:\/\/www.redenoticia.com.br\/noticia\/wp-json\/wp\/v2\/tags?post=103163"}],"curies":[{"name":"wp","href":"https:\/\/api.w.org\/{rel}","templated":true}]}}