{"id":103103,"date":"2016-12-28T06:44:13","date_gmt":"2016-12-28T08:44:13","guid":{"rendered":"http:\/\/www.redenoticia.com.br\/noticia\/?p=103103"},"modified":"2016-12-27T20:45:10","modified_gmt":"2016-12-27T22:45:10","slug":"indice-de-confianca-de-servicos-fecha-dezembro-com-terceira-queda-consecutiva","status":"publish","type":"post","link":"https:\/\/www.redenoticia.com.br\/noticia\/2016\/indice-de-confianca-de-servicos-fecha-dezembro-com-terceira-queda-consecutiva\/103103","title":{"rendered":"\u00cdndice de Confian\u00e7a de Servi\u00e7os fecha dezembro com terceira queda consecutiva"},"content":{"rendered":"<p> O <strong><em>\u00cdndice de Confian\u00e7a dos Servi\u00e7os<\/em><\/strong> (ICS) fechou o ano com a terceira queda consecutiva, ao recuar 1,8 ponto em dezembro em compara\u00e7\u00e3o com o m\u00eas anterior. Em novembro, a queda foi de 1,4 ponto. Desde setembro deste ano, as perdas foram de 4,9 pontos.<\/p>\n<p> Os dados foram divulgados pelo Instituto Brasileiro de Economia da Funda\u00e7\u00e3o Getulio Vargas (Ibre\/FGV) e apontam que o indicador fechou dezembro em 75,7 pontos, o menor n\u00edvel desde junho passado.<\/p>\n<p>Segundo o economista da FGV Silvio Sales, o \u00edndice segue em tend\u00eancia de queda e o fraco desempenho deve prosseguir no in\u00edcio do pr\u00f3ximo ano. \u201cAs empresas do setor de servi\u00e7os seguem no movimento de revis\u00e3o, para baixo, das expectativas sobre a evolu\u00e7\u00e3o dos neg\u00f3cios no curto prazo\u201d, disse.<\/p>\n<p> A Sondagem do Setor de Servi\u00e7os levanta de forma sistem\u00e1tica informa\u00e7\u00f5es sobre este segmento, que responde por mais de 60% do Produto Interno Bruto (PIB) brasileiro (o u seja, a soma de todas as riquezas produzidas no pa\u00eds) . <\/p>\n<p>Neg\u00f3cios em queda<\/p>\n<p>Os dados divulgados pela FGV indicam que, das 13 atividades pesquisadas no setor de servi\u00e7os, nove apresentaram queda da confian\u00e7a em dezembro. O \u00cdndice de Situa\u00e7\u00e3o Atual (ISA-S) caiu 0,7 ponto, recuando para 70,2 pontos, enquanto o \u00cdndice de Expectativas (IE-S) recuou 2,9 pontos, para 81,6 pontos.<\/p>\n<p>A maior contribui\u00e7\u00e3o para a varia\u00e7\u00e3o do \u00cdndice da Situa\u00e7\u00e3o Atual veio novamente da percep\u00e7\u00e3o da Situa\u00e7\u00e3o Atual dos Neg\u00f3cios, que caiu 1,3 ponto, para 69,7 pontos. J\u00e1 entre os indicadores integrantes do \u00cdndice de Expectativas, o destaque negativo foi o de Tend\u00eancia dos Neg\u00f3cios para os seis meses seguintes, que recuou 3,8 pontos, para 83,1 pontos.<\/p>\n<p>Quebra do otimismo<\/p>\n<p>A queda de confian\u00e7a no quarto trimestre interrompe o crescimento constante registrado no ICS no segundo e no terceiro trimestres. \u201cEntre o primeiro e o terceiro trimestres, o ICS avan\u00e7ou 9,4 pontos, com as expectativas acumulando 16,8 pontos, contra apenas 1,9 ponto de aumento do ISA-S\u201d, diz a publica\u00e7\u00e3o da FGV. <\/p>\n<p>O estudo destaca, ainda, que ao longo do ano, as avalia\u00e7\u00f5es das empresas sobre a situa\u00e7\u00e3o corrente permaneceram em patamares muito baixos, embasadas em uma percep\u00e7\u00e3o mais realista sobre a evolu\u00e7\u00e3o dos neg\u00f3cios. \u201cO ajuste para baixo das expectativas sugere que o setor demorar\u00e1 mais tempo que se previa anteriormente para retornar ao crescimento\u201d, concluiu a publica\u00e7\u00e3o.<\/p>\n<p>Nielmar de Oliveira &#8211; Rep\u00f3rter da Ag\u00eancia Brasil<br \/>\nEdi\u00e7\u00e3o: Lidia Neves<br \/>\n28\/12\/2016<\/p>\n","protected":false},"excerpt":{"rendered":"<p>O \u00cdndice de Confian\u00e7a dos Servi\u00e7os (ICS) fechou o ano com a terceira queda consecutiva, ao recuar 1,8 ponto em dezembro em compara\u00e7\u00e3o com o m\u00eas anterior. Em novembro, a queda foi de 1,4 ponto. Desde setembro deste ano, as perdas foram de 4,9 pontos. Os dados foram divulgados pelo Instituto Brasileiro de Economia da [&hellip;]<\/p>\n","protected":false},"author":2,"featured_media":57585,"comment_status":"open","ping_status":"closed","sticky":false,"template":"","format":"standard","meta":{"_genesis_hide_title":false,"_genesis_hide_breadcrumbs":false,"_genesis_hide_singular_image":false,"_genesis_hide_footer_widgets":false,"_genesis_custom_body_class":"","_genesis_custom_post_class":"","_genesis_layout":"","_jetpack_memberships_contains_paid_content":false,"footnotes":""},"categories":[22,7],"tags":[],"class_list":{"0":"post-103103","1":"post","2":"type-post","3":"status-publish","4":"format-standard","5":"has-post-thumbnail","7":"category-brasil","8":"category-economia","9":"entry","10":"gs-1","11":"gs-odd","12":"gs-even","13":"gs-featured-content-entry"},"jetpack_featured_media_url":"https:\/\/www.redenoticia.com.br\/noticia\/imagens\/analise-economia.jpg","jetpack_sharing_enabled":true,"jetpack_likes_enabled":true,"_links":{"self":[{"href":"https:\/\/www.redenoticia.com.br\/noticia\/wp-json\/wp\/v2\/posts\/103103","targetHints":{"allow":["GET"]}}],"collection":[{"href":"https:\/\/www.redenoticia.com.br\/noticia\/wp-json\/wp\/v2\/posts"}],"about":[{"href":"https:\/\/www.redenoticia.com.br\/noticia\/wp-json\/wp\/v2\/types\/post"}],"author":[{"embeddable":true,"href":"https:\/\/www.redenoticia.com.br\/noticia\/wp-json\/wp\/v2\/users\/2"}],"replies":[{"embeddable":true,"href":"https:\/\/www.redenoticia.com.br\/noticia\/wp-json\/wp\/v2\/comments?post=103103"}],"version-history":[{"count":0,"href":"https:\/\/www.redenoticia.com.br\/noticia\/wp-json\/wp\/v2\/posts\/103103\/revisions"}],"wp:featuredmedia":[{"embeddable":true,"href":"https:\/\/www.redenoticia.com.br\/noticia\/wp-json\/wp\/v2\/media\/57585"}],"wp:attachment":[{"href":"https:\/\/www.redenoticia.com.br\/noticia\/wp-json\/wp\/v2\/media?parent=103103"}],"wp:term":[{"taxonomy":"category","embeddable":true,"href":"https:\/\/www.redenoticia.com.br\/noticia\/wp-json\/wp\/v2\/categories?post=103103"},{"taxonomy":"post_tag","embeddable":true,"href":"https:\/\/www.redenoticia.com.br\/noticia\/wp-json\/wp\/v2\/tags?post=103103"}],"curies":[{"name":"wp","href":"https:\/\/api.w.org\/{rel}","templated":true}]}}