{"id":103099,"date":"2016-12-28T06:42:00","date_gmt":"2016-12-28T08:42:00","guid":{"rendered":"http:\/\/www.redenoticia.com.br\/noticia\/?p=103099"},"modified":"2016-12-27T20:42:55","modified_gmt":"2016-12-27T22:42:55","slug":"contas-do-governo-tem-deficit-de-r-384-bilhoes-recorde-para-novembro","status":"publish","type":"post","link":"https:\/\/www.redenoticia.com.br\/noticia\/2016\/contas-do-governo-tem-deficit-de-r-384-bilhoes-recorde-para-novembro\/103099","title":{"rendered":"Contas do governo t\u00eam d\u00e9ficit de R$ 38,4 bilh\u00f5es, recorde para novembro"},"content":{"rendered":"<p> O Governo Central (Tesouro Nacional, Previd\u00eancia Social e Banco Central) registrou em novembro um <strong><em>d\u00e9ficit prim\u00e1rio<\/em><\/strong> de R$ 38,356 bilh\u00f5es, o pior resultado para o m\u00eas desde 1997, in\u00edcio da s\u00e9rie hist\u00f3rica do indicador. O dado foi divulgado pelo Tesouro Nacional.<\/p>\n<p>O resultado prim\u00e1rio \u00e9 calculado com base nos gastos correntes do governo, excluindo da conta os custos com os juros da d\u00edvida p\u00fablica. O resultado negativo recorde de novembro elevou o d\u00e9ficit prim\u00e1rio registrado nos 11 primeiros meses do ano para R$ 94,158 bilh\u00f5es, tamb\u00e9m o maior da s\u00e9rie hist\u00f3rica. Entre janeiro e novembro de 2015, o d\u00e9ficit havia somado R$ 54,1 bilh\u00f5es.<\/p>\n<p>Para dezembro, o governo espera mais R$ 73,5 bilh\u00f5es de d\u00e9ficit, o maior da hist\u00f3ria caso se concretize. A proje\u00e7\u00e3o se deve \u00e0 expectativa do governo de quitar grande parte dos restos a pagar provenientes de exerc\u00edcios anteriores. O governo federal possui um passivo de R$ 67,5 bilh\u00f5es herdados de or\u00e7amentos passados, que s\u00e3o servi\u00e7os e produtos adquiridos e ainda n\u00e3o pagos.<\/p>\n<p>\u201cEstamos engajados em fazer um pagamento adicional e mais refor\u00e7ado de restos a pagar, de modo a reduzir o estoque dessa conta\u201d, disse a secret\u00e1ria do Tesouro Nacional, Ana Paula Vescovi.<\/p>\n<p>Meta fiscal<\/p>\n<p>De acordo com as previs\u00f5es do Tesouro Nacional, o Governo Central deve fechar o ano com d\u00e9ficit prim\u00e1rio de R$ 167,7 bilh\u00f5es, abaixo da meta aprovada pelo Congresso para 2016, de R$ 170,5 bilh\u00f5es negativos.<\/p>\n<p>O valor foi recalculado para baixo para compensar uma menor economia dos estados e tamb\u00e9m absorver os R$ 2,8 bilh\u00f5es de preju\u00edzos que ser\u00e3o registrados pelas empresas estatais em 2016, de acordo com o Tesouro. Com isso, o governo federal pretende garantir o cumprimento da meta fiscal total (Uni\u00e3o, estados, munic\u00edpios e empresas estatais), que segundo a Lei de Diretrizes Or\u00e7ament\u00e1rias, deve ficar em R$ 163,9 bilh\u00f5es negativos.<\/p>\n<p>O resultado das contas p\u00fablicas em novembro vem na contram\u00e3o do registrado em outubro, quando o Governo Central registrou super\u00e1vit prim\u00e1rio recorde de R$ 40,8 bilh\u00f5es em raz\u00e3o da receita proveniente da regulariza\u00e7\u00e3o de ativos do exterior, programa que ficou conhecido como repatria\u00e7\u00e3o.<\/p>\n<p>Previd\u00eancia e receita l\u00edquida<\/p>\n<p>Em novembro, a Previd\u00eancia foi o item que mais contribuiu para o resultado negativo das contas do Governo Central, segundo o Tesouro. Entre janeiro e novembro, o setor acumula d\u00e9ficit de R$ 144,9 bilh\u00f5es. Desse valor, R$ 77,6 bilh\u00f5es est\u00e3o ligados \u00e0 previd\u00eancia especial dos servidores p\u00fablicos federais.<\/p>\n<p>Entre janeiro e novembro de 2016, os gastos com benef\u00edcios previdenci\u00e1rios cresceram 6,8% em termos reais, descontada a infla\u00e7\u00e3o, na compara\u00e7\u00e3o com o mesmo per\u00edodo de 2015.<\/p>\n<p>A queda na arrecada\u00e7\u00e3o tamb\u00e9m contribuiu para o resultado negativo das contas p\u00fablicas em novembro. Nos 11 primeiros meses de 2016, a receita l\u00edquida caiu 2,5% em termos reais, j\u00e1 descontada a infla\u00e7\u00e3o, na compara\u00e7\u00e3o com o mesmo per\u00edodo do ano anterior.<\/p>\n<p>Somente em novembro deste ano, o governo federal arrecadou R$ 500 milh\u00f5es a menos do que novembro de 2015, queda de 7,2% em termos reais, isto \u00e9, descontados os efeitos da infla\u00e7\u00e3o no per\u00edodo.<\/p>\n<p>Felipe Pontes &#8211; Rep\u00f3rter da Ag\u00eancia Brasil<br \/>\nEdi\u00e7\u00e3o: Luana Louren\u00e7o<br \/>\n28\/12\/2016<\/p>\n","protected":false},"excerpt":{"rendered":"<p>O Governo Central (Tesouro Nacional, Previd\u00eancia Social e Banco Central) registrou em novembro um d\u00e9ficit prim\u00e1rio de R$ 38,356 bilh\u00f5es, o pior resultado para o m\u00eas desde 1997, in\u00edcio da s\u00e9rie hist\u00f3rica do indicador. O dado foi divulgado pelo Tesouro Nacional. O resultado prim\u00e1rio \u00e9 calculado com base nos gastos correntes do governo, excluindo da [&hellip;]<\/p>\n","protected":false},"author":2,"featured_media":38938,"comment_status":"open","ping_status":"closed","sticky":false,"template":"","format":"standard","meta":{"_genesis_hide_title":false,"_genesis_hide_breadcrumbs":false,"_genesis_hide_singular_image":false,"_genesis_hide_footer_widgets":false,"_genesis_custom_body_class":"","_genesis_custom_post_class":"","_genesis_layout":"","_jetpack_memberships_contains_paid_content":false,"footnotes":""},"categories":[22,7],"tags":[],"class_list":{"0":"post-103099","1":"post","2":"type-post","3":"status-publish","4":"format-standard","5":"has-post-thumbnail","7":"category-brasil","8":"category-economia","9":"entry","10":"gs-1","11":"gs-odd","12":"gs-even","13":"gs-featured-content-entry"},"jetpack_featured_media_url":"https:\/\/www.redenoticia.com.br\/noticia\/imagens\/economia1.jpg","jetpack_sharing_enabled":true,"jetpack_likes_enabled":true,"_links":{"self":[{"href":"https:\/\/www.redenoticia.com.br\/noticia\/wp-json\/wp\/v2\/posts\/103099","targetHints":{"allow":["GET"]}}],"collection":[{"href":"https:\/\/www.redenoticia.com.br\/noticia\/wp-json\/wp\/v2\/posts"}],"about":[{"href":"https:\/\/www.redenoticia.com.br\/noticia\/wp-json\/wp\/v2\/types\/post"}],"author":[{"embeddable":true,"href":"https:\/\/www.redenoticia.com.br\/noticia\/wp-json\/wp\/v2\/users\/2"}],"replies":[{"embeddable":true,"href":"https:\/\/www.redenoticia.com.br\/noticia\/wp-json\/wp\/v2\/comments?post=103099"}],"version-history":[{"count":0,"href":"https:\/\/www.redenoticia.com.br\/noticia\/wp-json\/wp\/v2\/posts\/103099\/revisions"}],"wp:featuredmedia":[{"embeddable":true,"href":"https:\/\/www.redenoticia.com.br\/noticia\/wp-json\/wp\/v2\/media\/38938"}],"wp:attachment":[{"href":"https:\/\/www.redenoticia.com.br\/noticia\/wp-json\/wp\/v2\/media?parent=103099"}],"wp:term":[{"taxonomy":"category","embeddable":true,"href":"https:\/\/www.redenoticia.com.br\/noticia\/wp-json\/wp\/v2\/categories?post=103099"},{"taxonomy":"post_tag","embeddable":true,"href":"https:\/\/www.redenoticia.com.br\/noticia\/wp-json\/wp\/v2\/tags?post=103099"}],"curies":[{"name":"wp","href":"https:\/\/api.w.org\/{rel}","templated":true}]}}