{"id":10307,"date":"2009-08-31T15:39:10","date_gmt":"2009-08-31T19:39:10","guid":{"rendered":"http:\/\/www.redenoticia.com.br\/noticia\/?p=10307"},"modified":"2009-08-31T15:39:10","modified_gmt":"2009-08-31T19:39:10","slug":"inscricoes-para-80-mil-vagas-do-curso-ola-turista-comecam-nesta-terca-feira","status":"publish","type":"post","link":"https:\/\/www.redenoticia.com.br\/noticia\/2009\/inscricoes-para-80-mil-vagas-do-curso-ola-turista-comecam-nesta-terca-feira\/10307","title":{"rendered":"Inscri\u00e7\u00f5es para 80 mil vagas do curso Ol\u00e1 Turista come\u00e7am nesta ter\u00e7a-feira"},"content":{"rendered":"<p>A partir desta ter\u00e7a-feira (01), entidades de classe da Bahia, do Rio de Janeiro e do Amazonas poder\u00e3o se <strong>inscrever<\/strong> no projeto <strong>Ol\u00e1, Turista<\/strong>!. Treze munic\u00edpios ser\u00e3o contemplados, onde 80 mil profissionais de turismo contar\u00e3o com <strong>cursos gratuitos<\/strong> de ingl\u00eas e espanhol. As aulas come\u00e7ar\u00e3o no dia 2 de janeiro de 2010. O Ol\u00e1, Turista! \u00e9 uma parceria do Minist\u00e9rio do Turismo e da Funda\u00e7\u00e3o Roberto Marinho com foco na Copa do Mundo de 2014. O objetivo \u00e9 oferecer um atendimento de qualidade aos turistas estrangeiros que vir\u00e3o ao Brasil para o mundial de futebol.<\/p>\n<p>As cidades inclu\u00eddas no programa s\u00e3o:<\/p>\n<p>&#8211; Rio de Janeiro: B\u00fazios, Paraty, Petr\u00f3polis, Angra dos Reis e a cidade do Rio de Janeiro;<\/p>\n<p>&#8211; Bahia: Salvador, Len\u00e7\u00f3is, Porto Seguro, Mara\u00fa e Mata de S\u00e3o Jo\u00e3o;<\/p>\n<p>&#8211; Amazonas: Manaus, Barcelos e Parintins.<\/p>\n<p>At\u00e9 1\u00ba de novembro de 2009, as associa\u00e7\u00f5es, sindicatos e organiza\u00e7\u00f5es dever\u00e3o solicitar vagas para os cursos por meio de um cadastro online dispon\u00edvel no endere\u00e7o <a href=\"http:\/\/www.olaturista.org.br\" target=\"_blank\">www.olaturista.org.br<\/a>. Cada entidade dever\u00e1 informar o n\u00famero de associados e solicitar a quantidade necess\u00e1ria de vagas para distribuir entre eles.<\/p>\n<p>As associa\u00e7\u00f5es ser\u00e3o respons\u00e1veis tamb\u00e9m pelo acompanhamento dos relat\u00f3rios mensais de desempenho de quem frequentar as aulas. As vagas ser\u00e3o controladas por um c\u00f3digo de acesso, que \u00e9 a chave de entrada do participante. Cada c\u00f3digo \u00e9 \u00fanico e ser\u00e1 monitorado pela Funda\u00e7\u00e3o Roberto Marinho.<\/p>\n","protected":false},"excerpt":{"rendered":"<p>A partir desta ter\u00e7a-feira (01), entidades de classe da Bahia, do Rio de Janeiro e do Amazonas poder\u00e3o se inscrever no projeto Ol\u00e1, Turista!. Treze munic\u00edpios ser\u00e3o contemplados, onde 80 mil profissionais de turismo contar\u00e3o com cursos gratuitos de ingl\u00eas e espanhol. As aulas come\u00e7ar\u00e3o no dia 2 de janeiro de 2010. O Ol\u00e1, Turista! [&hellip;]<\/p>\n","protected":false},"author":3,"featured_media":0,"comment_status":"open","ping_status":"open","sticky":false,"template":"","format":"standard","meta":{"_genesis_hide_title":false,"_genesis_hide_breadcrumbs":false,"_genesis_hide_singular_image":false,"_genesis_hide_footer_widgets":false,"_genesis_custom_body_class":"","_genesis_custom_post_class":"","_genesis_layout":"","_jetpack_memberships_contains_paid_content":false,"footnotes":""},"categories":[22],"tags":[],"class_list":{"0":"post-10307","1":"post","2":"type-post","3":"status-publish","4":"format-standard","6":"category-brasil","7":"entry","8":"gs-1","9":"gs-odd","10":"gs-even","11":"gs-featured-content-entry"},"jetpack_featured_media_url":"","jetpack_sharing_enabled":true,"jetpack_likes_enabled":true,"_links":{"self":[{"href":"https:\/\/www.redenoticia.com.br\/noticia\/wp-json\/wp\/v2\/posts\/10307","targetHints":{"allow":["GET"]}}],"collection":[{"href":"https:\/\/www.redenoticia.com.br\/noticia\/wp-json\/wp\/v2\/posts"}],"about":[{"href":"https:\/\/www.redenoticia.com.br\/noticia\/wp-json\/wp\/v2\/types\/post"}],"author":[{"embeddable":true,"href":"https:\/\/www.redenoticia.com.br\/noticia\/wp-json\/wp\/v2\/users\/3"}],"replies":[{"embeddable":true,"href":"https:\/\/www.redenoticia.com.br\/noticia\/wp-json\/wp\/v2\/comments?post=10307"}],"version-history":[{"count":0,"href":"https:\/\/www.redenoticia.com.br\/noticia\/wp-json\/wp\/v2\/posts\/10307\/revisions"}],"wp:attachment":[{"href":"https:\/\/www.redenoticia.com.br\/noticia\/wp-json\/wp\/v2\/media?parent=10307"}],"wp:term":[{"taxonomy":"category","embeddable":true,"href":"https:\/\/www.redenoticia.com.br\/noticia\/wp-json\/wp\/v2\/categories?post=10307"},{"taxonomy":"post_tag","embeddable":true,"href":"https:\/\/www.redenoticia.com.br\/noticia\/wp-json\/wp\/v2\/tags?post=10307"}],"curies":[{"name":"wp","href":"https:\/\/api.w.org\/{rel}","templated":true}]}}