{"id":102928,"date":"2016-12-27T06:13:40","date_gmt":"2016-12-27T08:13:40","guid":{"rendered":"http:\/\/www.redenoticia.com.br\/noticia\/?p=102928"},"modified":"2016-12-26T16:16:30","modified_gmt":"2016-12-26T18:16:30","slug":"baixo-crescimento-marcara-economia-em-2017-preveem-especialistas","status":"publish","type":"post","link":"https:\/\/www.redenoticia.com.br\/noticia\/2016\/baixo-crescimento-marcara-economia-em-2017-preveem-especialistas\/102928","title":{"rendered":"Baixo crescimento marcar\u00e1 economia em 2017, preveem especialistas"},"content":{"rendered":"<p> Um in\u00edcio de recupera\u00e7\u00e3o em meio a um crescimento t\u00edmido e a dificuldades no cen\u00e1rio internacional. Para economistas ouvidos pela Ag\u00eancia Brasil, as perspectivas para a <strong><em>economia em 2017<\/em><\/strong> indicam leve melhora em rela\u00e7\u00e3o a 2016, mas apontam para um caminho cheio de percal\u00e7os rumo \u00e0 retomada da produ\u00e7\u00e3o e do consumo.<\/p>\n<p>Segundo os especialistas, o quadro pol\u00edtico tamb\u00e9m retarda a recupera\u00e7\u00e3o da economia. Para eles, o pa\u00eds precisa superar as pend\u00eancias pol\u00edticas antes de voltar a crescer, mas essa \u00e9 apenas uma parte da solu\u00e7\u00e3o.<\/p>\n<p>Para a professora de economia da Funda\u00e7\u00e3o Getulio Vargas (FGV) Virene Matesco, o Produto Interno Bruto (PIB, soma dos bens e servi\u00e7os produzidos no pa\u00eds) crescer\u00e1 no m\u00e1ximo 0,5% em 2017. Ela diz que somente quando consumidores e empres\u00e1rios recuperarem a confian\u00e7a, a economia come\u00e7ar\u00e1 a recuperar-se plenamente.<\/p>\n<p>\u201cA recupera\u00e7\u00e3o da economia em 2017 depende fundamentalmente de dois fatores: a supera\u00e7\u00e3o da crise pol\u00edtica e a aprova\u00e7\u00e3o de medidas que sinalizem algum compromisso do governo com as contas p\u00fablicas. Somente a\u00ed, o pa\u00eds poder\u00e1 come\u00e7ar a se reorganizar\u201d, disse. \u201cO Congresso \u00e9 como um trator que vai tirar o carro atolado, que \u00e9 o Brasil. S\u00f3 que o trator est\u00e1 quebrado.\u201d<\/p>\n<p>Segundo Virene, mesmo a aprova\u00e7\u00e3o da reforma da Previd\u00eancia ser\u00e1 apenas uma indica\u00e7\u00e3o para o mercado e os investidores. Isso porque tanto a revis\u00e3o no regime de aposentadorias e pens\u00f5es como a emenda constitucional que cria um teto para o gasto p\u00fablico t\u00eam impacto sobre as contas do governo apenas no m\u00e9dio e no longo prazo. \u201cComo os d\u00e9ficits nas contas p\u00fablicas continuar\u00e3o persistindo, existe a possibilidade de o governo aumentar impostos para elevar a receita\u201d.<\/p>\n<p>O economista-chefe da Gradual Investimentos, Andr\u00e9 Perfeito, concorda com os reflexos da pol\u00edtica sobre a economia. \u201cPara mim, a crise atual \u00e9 fundamentalmente pol\u00edtica. Ser\u00e1 que os investidores continuar\u00e3o dispostos a p\u00f4r dinheiro no Brasil vendo o que est\u00e1 acontecendo aqui?\u201d, pergunta.<\/p>\n<p>Perfeito tem uma estimativa mais pessimista para o crescimento da economia no pr\u00f3ximo ano: 0,2%. Segundo ele, o resultado poderia ser melhor se o governo ampliasse o d\u00e9ficit prim\u00e1rio da Uni\u00e3o, estimado em R$ 139 bilh\u00f5es para 2017, para estimular a economia. \u201cUm aumento de gastos seria v\u00e1lido se fosse tempor\u00e1rio e feito com transpar\u00eancia, mas n\u00e3o existe espa\u00e7o pol\u00edtico para isso, at\u00e9 por causa dos erros dos governos anteriores com esse tipo de medida\u201d, explica.<\/p>\n<p>O economista tamb\u00e9m atribui parte das dificuldades de recupera\u00e7\u00e3o da economia ao cen\u00e1rio internacional, principalmente ap\u00f3s a indica\u00e7\u00e3o do Federal Reserve (Banco Central norte-americano) de que poder\u00e1 aumentar os juros da maior economia do planeta at\u00e9 tr\u00eas vezes em 2017 para conter os efeitos dos cortes de impostos e da expans\u00e3o dos gastos p\u00fablicos do futuro presidente dos Estados Unidos, Donald Trump.<\/p>\n<p>Ind\u00fastria<\/p>\n<p>As entidades do setor produtivo tamb\u00e9m n\u00e3o t\u00eam proje\u00e7\u00f5es otimistas para a economia no pr\u00f3ximo ano. A Confedera\u00e7\u00e3o Nacional da Ind\u00fastria (CNI) estima crescimento de 0,5% para o PIB, com expans\u00e3o de 1,3% na ind\u00fastria. Para a entidade, o investimento deve crescer 2,3% em 2017 depois de cair 11,2% este ano.<\/p>\n<p>Para o gerente-executivo da CNI, Fl\u00e1vio Castelo Branco, a ociosidade das ind\u00fastrias, que est\u00e3o com grandes estoques acumulados, e as dificuldades financeiras das fam\u00edlias e das empresas dificultam a retomada do crescimento. Segundo ele, somente quando o endividamento diminuir, o consumo e a produ\u00e7\u00e3o ter\u00e3o condi\u00e7\u00f5es de reagir.<\/p>\n<p>\u201cQuando as empresas geram empregos, giram a economia, aumentando investimentos, sal\u00e1rios, consumo e produ\u00e7\u00e3o\u201d, explicou Castelo Branco durante a divulga\u00e7\u00e3o das estimativas da entidade para a economia em 2017 no \u00faltimo dia 13. Segundo ele, a acelera\u00e7\u00e3o das reformas da Previd\u00eancia e trabalhista e a diminui\u00e7\u00e3o dos desequil\u00edbrios nas contas p\u00fablicas s\u00e3o importantes para que o pa\u00eds volte a crescer.<\/p>\n<p>No fim de novembro, o Minist\u00e9rio da Fazenda reduziu a proje\u00e7\u00e3o de crescimento do PIB para 2017 de 1,6% para 1%. A previs\u00e3o oficial \u00e9 mais otimista que a do mercado. Na pen\u00faltima semana de dezembro, as institui\u00e7\u00f5es financeiras estimavam expans\u00e3o de 0,58% do PIB para o pr\u00f3ximo ano, segundo o Boletim Focus do Banco Central, publica\u00e7\u00e3o semanal com proje\u00e7\u00f5es de analistas de mercado. As institui\u00e7\u00f5es projetam infla\u00e7\u00e3o de 4,9% em 2017 pelo \u00cdndice Nacional de Pre\u00e7os ao Consumidor Amplo (IPCA).<\/p>\n<p>Wellton M\u00e1ximo \u2013 Rep\u00f3rter da Ag\u00eancia Brasil<br \/>\nEdi\u00e7\u00e3o: A\u00e9cio Amado<br \/>\n27\/12\/2016<\/p>\n","protected":false},"excerpt":{"rendered":"<p>Um in\u00edcio de recupera\u00e7\u00e3o em meio a um crescimento t\u00edmido e a dificuldades no cen\u00e1rio internacional. Para economistas ouvidos pela Ag\u00eancia Brasil, as perspectivas para a economia em 2017 indicam leve melhora em rela\u00e7\u00e3o a 2016, mas apontam para um caminho cheio de percal\u00e7os rumo \u00e0 retomada da produ\u00e7\u00e3o e do consumo. Segundo os especialistas, [&hellip;]<\/p>\n","protected":false},"author":2,"featured_media":57583,"comment_status":"open","ping_status":"closed","sticky":false,"template":"","format":"standard","meta":{"_genesis_hide_title":false,"_genesis_hide_breadcrumbs":false,"_genesis_hide_singular_image":false,"_genesis_hide_footer_widgets":false,"_genesis_custom_body_class":"","_genesis_custom_post_class":"","_genesis_layout":"","_jetpack_memberships_contains_paid_content":false,"footnotes":""},"categories":[22,7],"tags":[],"class_list":{"0":"post-102928","1":"post","2":"type-post","3":"status-publish","4":"format-standard","5":"has-post-thumbnail","7":"category-brasil","8":"category-economia","9":"entry","10":"gs-1","11":"gs-odd","12":"gs-even","13":"gs-featured-content-entry"},"jetpack_featured_media_url":"https:\/\/www.redenoticia.com.br\/noticia\/imagens\/economia-grafico.jpg","jetpack_sharing_enabled":true,"jetpack_likes_enabled":true,"_links":{"self":[{"href":"https:\/\/www.redenoticia.com.br\/noticia\/wp-json\/wp\/v2\/posts\/102928","targetHints":{"allow":["GET"]}}],"collection":[{"href":"https:\/\/www.redenoticia.com.br\/noticia\/wp-json\/wp\/v2\/posts"}],"about":[{"href":"https:\/\/www.redenoticia.com.br\/noticia\/wp-json\/wp\/v2\/types\/post"}],"author":[{"embeddable":true,"href":"https:\/\/www.redenoticia.com.br\/noticia\/wp-json\/wp\/v2\/users\/2"}],"replies":[{"embeddable":true,"href":"https:\/\/www.redenoticia.com.br\/noticia\/wp-json\/wp\/v2\/comments?post=102928"}],"version-history":[{"count":0,"href":"https:\/\/www.redenoticia.com.br\/noticia\/wp-json\/wp\/v2\/posts\/102928\/revisions"}],"wp:featuredmedia":[{"embeddable":true,"href":"https:\/\/www.redenoticia.com.br\/noticia\/wp-json\/wp\/v2\/media\/57583"}],"wp:attachment":[{"href":"https:\/\/www.redenoticia.com.br\/noticia\/wp-json\/wp\/v2\/media?parent=102928"}],"wp:term":[{"taxonomy":"category","embeddable":true,"href":"https:\/\/www.redenoticia.com.br\/noticia\/wp-json\/wp\/v2\/categories?post=102928"},{"taxonomy":"post_tag","embeddable":true,"href":"https:\/\/www.redenoticia.com.br\/noticia\/wp-json\/wp\/v2\/tags?post=102928"}],"curies":[{"name":"wp","href":"https:\/\/api.w.org\/{rel}","templated":true}]}}