{"id":102926,"date":"2016-12-27T06:12:05","date_gmt":"2016-12-27T08:12:05","guid":{"rendered":"http:\/\/www.redenoticia.com.br\/noticia\/?p=102926"},"modified":"2016-12-26T16:13:32","modified_gmt":"2016-12-26T18:13:32","slug":"lingua-portuguesa-crescera-no-cenario-internacional-diz-embaixador-da-cplp","status":"publish","type":"post","link":"https:\/\/www.redenoticia.com.br\/noticia\/2016\/lingua-portuguesa-crescera-no-cenario-internacional-diz-embaixador-da-cplp\/102926","title":{"rendered":"L\u00edngua portuguesa crescer\u00e1 no cen\u00e1rio internacional, diz embaixador da CPLP"},"content":{"rendered":"<p> O embaixador Gon\u00e7alo Mello Mour\u00e3o, representante permanente do Brasil junto \u00e0 Comunidade dos Pa\u00edses de L\u00edngua Portuguesa (CPLP), ressaltou em entrevista concedida esta semana \u00e0 Ag\u00eancia Brasil, em Lisboa, a import\u00e2ncia da <strong><em>l\u00edngua portuguesa<\/em><\/strong> no atual cen\u00e1rio internacional. Para Mour\u00e3o, a elei\u00e7\u00e3o do portugu\u00eas Ant\u00f3nio Guterres como novo secret\u00e1rio-geral das Na\u00e7\u00f5es Unidas \u00e9 um fato extraordin\u00e1rio para o mundo lus\u00f3fono.<\/p>\n<p>\u201cQuanto mais &#8216;mundo&#8217; falando a nossa l\u00edngua, mais o mundo fica pr\u00f3ximo de n\u00f3s e mais n\u00f3s ficamos pr\u00f3ximos do mundo. Durante o mandato [de Guterres] &#8211; que n\u00f3s esperamos que seja renovado, como tem sido a pr\u00e1tica da ONU -, n\u00f3s vamos ter em evid\u00eancia um falante da l\u00edngua portuguesa. O portugu\u00eas hoje j\u00e1 \u00e9 l\u00edngua de trabalho em alguns organismos das Na\u00e7\u00f5es Unidas, inclusive alguns de relevo\u201d, afirmou o embaixador.<\/p>\n<p>No entanto, Mour\u00e3o lembrou que a escolha de uma l\u00edngua como idioma oficial das Na\u00e7\u00f5es Unidas traz impactos financeiros. \u201cUma l\u00edngua na qual todos os documentos s\u00e3o produzidos tem uma implica\u00e7\u00e3o de custos imensa, que n\u00e3o necessariamente pode ser atendida pelo desejo pol\u00edtico. De qualquer maneira, o Brasil continuar\u00e1 sempre a trabalhar no sentido de que a l\u00edngua portuguesa seja cada vez mais aceita como uma l\u00edngua internacional\u201d, disse.<\/p>\n<p> Para Mour\u00e3o, a CPLP \u00e9, al\u00e9m de um espa\u00e7o de coopera\u00e7\u00e3o entre os pa\u00edses-membros, um lugar de pertencimento. \u201c\u00c9 um espa\u00e7o que se funda na percep\u00e7\u00e3o que os diversos pa\u00edses tiveram num certo momento de que h\u00e1 um passado comum, um presente comum e um desejo de futuro comum, n\u00e3o s\u00f3 na coopera\u00e7\u00e3o para o desenvolvimento, mas tamb\u00e9m na promo\u00e7\u00e3o da cultura de cada um de n\u00f3s dentro do \u00e2mbito da express\u00e3o lingu\u00edstica do portugu\u00eas\u201d.<\/p>\n<p>O embaixador diz que a CPLP n\u00e3o pretende ser o principal instrumento de coopera\u00e7\u00e3o para o desenvolvimento e solu\u00e7\u00e3o dos problemas internos dos diversos pa\u00edses que a comp\u00f5em. Os acordos de coopera\u00e7\u00e3o seriam apenas uma das diversas \u00e1reas de atua\u00e7\u00e3o da comunidade, que funciona, em todas as suas esferas, com base no princ\u00edpio do consenso em todas as decis\u00f5es tomadas.<\/p>\n<p>Apesar de reconhecer o peso (econ\u00f4mico, social, cultural e populacional) que o Brasil exerce dentro da comunidade, Mour\u00e3o ressalta que o interesse do pa\u00eds n\u00e3o \u00e9 o de direcionar a CPLP.  \u201cClaro que o Brasil \u00e9 um pa\u00eds que tem um peso e \u00e9 obvio que se olha [para ele] com alguma expectativa. Mas o Brasil n\u00e3o pretende conduzir a CPLP para nenhum lado. O Brasil pretende que a CPLP v\u00e1 junto para onde ela quiser ir. E onde ela quer ir \u00e9 onde todos os membros queiram ir\u201d.<\/p>\n<p>Livre Circula\u00e7\u00e3o<\/p>\n<p>Em rela\u00e7\u00e3o a um poss\u00edvel acordo de livre circula\u00e7\u00e3o entre os cidad\u00e3os dos pa\u00edses-membros da CPLP (Angola, Brasil, Cabo Verde, Guin\u00e9-Bissau, Guin\u00e9 Equatorial, Mo\u00e7ambique, Portugal, S\u00e3o Tom\u00e9 e Pr\u00edncipe e Timor Leste), Mour\u00e3o afirma que, apesar de o assunto vir sendo discutido dentro da comunidade, as complica\u00e7\u00f5es s\u00e3o muitas e o processo deve ocorrer de forma lenta.<\/p>\n<p>\u201cH\u00e1, claro, um desejo de que um dia essa livre circula\u00e7\u00e3o se verifique. Eu acho que isso n\u00e3o \u00e9 s\u00f3 um desejo dos pa\u00edses de l\u00edngua portuguesa, mas de todos os cidad\u00e3os do mundo. Dentro da CPLP \u00e9 um problema que tem que se resolver em conjunto, mas tamb\u00e9m individualmente. H\u00e1 certos problemas que implicam pertencer a outros agrupamentos regionais que t\u00eam acordos espec\u00edficos sobre a mat\u00e9ria {como Portugal com a Uni\u00e3o Europeia]. E \u00e9 uma decis\u00e3o pol\u00edtica tamb\u00e9m sobre o desejo de realmente abrir as fronteiras para essa livre circula\u00e7\u00e3o dos cidad\u00e3os da CPLP\u201d.<\/p>\n<p>Mour\u00e3o ressaltou a import\u00e2ncia atual de o Brasil ter assumido em outubro a presid\u00eancia bianual da CPLP durante a 11\u00aa Confer\u00eancia de Chefes de Estado e de Governo da Comunidade, em Bras\u00edlia.<\/p>\n<p>\u201cO Brasil prop\u00f4s, como meta de trabalho da organiza\u00e7\u00e3o, atingir certos objetivos da agenda 2030 das Na\u00e7\u00f5es Unidas para o desenvolvimento sustent\u00e1vel. N\u00f3s vamos come\u00e7ar a discutir, a partir de 2017, quais seriam os temas dessa agenda que n\u00f3s poder\u00edamos apostar como poss\u00edveis de serem conjuntamente desenvolvidos de modo que, ao final da presid\u00eancia brasileira, daqui a dois anos, n\u00f3s possamos apresentar um resultado concreto. Nesse aspecto, foi uma feliz coincid\u00eancia a elei\u00e7\u00e3o de Guterres, porque n\u00f3s vamos ter a CPLP trabalhando em cima de uma meta das ONU\u201d, frisou.<\/p>\n<p>Marieta Cazarr\u00e9 \u2013 Correspondente da Ag\u00eancia Brasil<br \/>\nEdi\u00e7\u00e3o: Augusto Queiroz<br \/>\n27\/12\/2016<\/p>\n","protected":false},"excerpt":{"rendered":"<p>O embaixador Gon\u00e7alo Mello Mour\u00e3o, representante permanente do Brasil junto \u00e0 Comunidade dos Pa\u00edses de L\u00edngua Portuguesa (CPLP), ressaltou em entrevista concedida esta semana \u00e0 Ag\u00eancia Brasil, em Lisboa, a import\u00e2ncia da l\u00edngua portuguesa no atual cen\u00e1rio internacional. Para Mour\u00e3o, a elei\u00e7\u00e3o do portugu\u00eas Ant\u00f3nio Guterres como novo secret\u00e1rio-geral das Na\u00e7\u00f5es Unidas \u00e9 um fato [&hellip;]<\/p>\n","protected":false},"author":2,"featured_media":57585,"comment_status":"open","ping_status":"closed","sticky":false,"template":"","format":"standard","meta":{"_genesis_hide_title":false,"_genesis_hide_breadcrumbs":false,"_genesis_hide_singular_image":false,"_genesis_hide_footer_widgets":false,"_genesis_custom_body_class":"","_genesis_custom_post_class":"","_genesis_layout":"","_jetpack_memberships_contains_paid_content":false,"footnotes":""},"categories":[22],"tags":[],"class_list":{"0":"post-102926","1":"post","2":"type-post","3":"status-publish","4":"format-standard","5":"has-post-thumbnail","7":"category-brasil","8":"entry","9":"gs-1","10":"gs-odd","11":"gs-even","12":"gs-featured-content-entry"},"jetpack_featured_media_url":"https:\/\/www.redenoticia.com.br\/noticia\/imagens\/analise-economia.jpg","jetpack_sharing_enabled":true,"jetpack_likes_enabled":true,"_links":{"self":[{"href":"https:\/\/www.redenoticia.com.br\/noticia\/wp-json\/wp\/v2\/posts\/102926","targetHints":{"allow":["GET"]}}],"collection":[{"href":"https:\/\/www.redenoticia.com.br\/noticia\/wp-json\/wp\/v2\/posts"}],"about":[{"href":"https:\/\/www.redenoticia.com.br\/noticia\/wp-json\/wp\/v2\/types\/post"}],"author":[{"embeddable":true,"href":"https:\/\/www.redenoticia.com.br\/noticia\/wp-json\/wp\/v2\/users\/2"}],"replies":[{"embeddable":true,"href":"https:\/\/www.redenoticia.com.br\/noticia\/wp-json\/wp\/v2\/comments?post=102926"}],"version-history":[{"count":0,"href":"https:\/\/www.redenoticia.com.br\/noticia\/wp-json\/wp\/v2\/posts\/102926\/revisions"}],"wp:featuredmedia":[{"embeddable":true,"href":"https:\/\/www.redenoticia.com.br\/noticia\/wp-json\/wp\/v2\/media\/57585"}],"wp:attachment":[{"href":"https:\/\/www.redenoticia.com.br\/noticia\/wp-json\/wp\/v2\/media?parent=102926"}],"wp:term":[{"taxonomy":"category","embeddable":true,"href":"https:\/\/www.redenoticia.com.br\/noticia\/wp-json\/wp\/v2\/categories?post=102926"},{"taxonomy":"post_tag","embeddable":true,"href":"https:\/\/www.redenoticia.com.br\/noticia\/wp-json\/wp\/v2\/tags?post=102926"}],"curies":[{"name":"wp","href":"https:\/\/api.w.org\/{rel}","templated":true}]}}