{"id":102889,"date":"2016-12-26T06:28:35","date_gmt":"2016-12-26T08:28:35","guid":{"rendered":"http:\/\/www.redenoticia.com.br\/noticia\/?p=102889"},"modified":"2016-12-25T18:29:16","modified_gmt":"2016-12-25T20:29:16","slug":"juros-do-rotativo-do-cartao-de-credito-chegam-ao-recorde-de-4821-ao-ano","status":"publish","type":"post","link":"https:\/\/www.redenoticia.com.br\/noticia\/2016\/juros-do-rotativo-do-cartao-de-credito-chegam-ao-recorde-de-4821-ao-ano\/102889","title":{"rendered":"Juros do rotativo do cart\u00e3o de cr\u00e9dito chegam ao recorde de 482,1% ao ano"},"content":{"rendered":"<p> A taxa de juros do rotativo do <strong><em>cart\u00e3o de cr\u00e9dito<\/em><\/strong> chegou ao recorde de 482,1% ao ano, em novembro, informou o Banco Central (BC). A taxa subiu 6,3 pontos percentuais em rela\u00e7\u00e3o a outubro e foi a maior da s\u00e9rie hist\u00f3rica iniciada em mar\u00e7o de 2011.<\/p>\n<p>O rotativo \u00e9 o cr\u00e9dito tomado pelo consumidor quando paga menos que o valor integral da fatura do cart\u00e3o. Ontem, o governo anunciou a limita\u00e7\u00e3o da perman\u00eancia do cliente no rotativo do cart\u00e3o de cr\u00e9dito por 30 dias. Essa medida ainda ser\u00e1 implementada e poder\u00e1 reduzir pela metade da taxa de juros do cart\u00e3o de cr\u00e9dito, a partir do fim do primeiro trimestre do ano que vem, segundo previs\u00e3o do ministro da Fazenda, Henrique Meirelles.<\/p>\n<p>O chefe do Departamento Econ\u00f4mico do BC, Tulio Maciel, disse que \u00e9 preciso aguardar uma melhor defini\u00e7\u00e3o das medidas para avaliar o feito na redu\u00e7\u00e3o dos juros. \u201cA expectativa \u00e9 que as medidas tragam maior racionaliza\u00e7\u00e3o do uso do cart\u00e3o de cr\u00e9dito e com isso redu\u00e7\u00e3o de custos\u201d, disse.<\/p>\n<p>Acrescentou que, mesmo sem as medidas, atualmente \u00e9 poss\u00edvel fugir dos juros caros do rotativo, optando, por exemplo, pelo parcelamento do saldo da fatura do cart\u00e3o. Em novembro, os juros do cr\u00e9dito parcelado ficaram em 155% ao ano. \u201cO cr\u00e9dito rotativo \u00e9 emergencial, por prazo curto, em algumas situa\u00e7\u00f5es que precisam de cr\u00e9dito imediato\u201d, especificou.<\/p>\n<p>Outra taxa de juros alta na pesquisa mensal do BC \u00e9 a do cheque especial, que chegou ao novo recorde de 330,7% ao ano. Essa \u00e9 a maior taxa da s\u00e9rie hist\u00f3rica iniciada em julho de 1994. A taxa m\u00e9dia de juros para as fam\u00edlias ficou est\u00e1vel em 73,6% ao ano, em novembro, comparada a outubro.<\/p>\n<p>Inadimpl\u00eancia do cr\u00e9dito<\/p>\n<p>A inadimpl\u00eancia do cr\u00e9dito, considerados atrasos acima de 90 dias, para pessoas f\u00edsicas caiu 0,1 ponto percentual para 6,1%. A taxa de inadimpl\u00eancia das empresas caiu 0,2 ponto percentual para 5,4%. A taxa m\u00e9dia de juros cobrada das pessoas jur\u00eddicas caiu 0,5 ponto percentual para 29,9% ao ano.<\/p>\n<p>Esses dados s\u00e3o do cr\u00e9dito livre em que os bancos t\u00eam autonomia para aplicar o dinheiro captado no mercado e definir as taxas de juros.<\/p>\n<p>No caso do cr\u00e9dito direcionado (empr\u00e9stimos com regras definidas pelo governo, destinados, basicamente, aos setores habitacional, rural e de infraestrutura) a taxa de juros para as pessoas f\u00edsicas ficou est\u00e1vel em 10,2% ao ano. A taxa cobrada das empresas caiu 0,9 ponto percentual para 11,1% ao ano. A inadimpl\u00eancia das fam\u00edlias caiu de 0,1 ponto percentual para 1,9% e das empresas permaneceu em 1,8%.<\/p>\n<p>O saldo de todas as opera\u00e7\u00f5es de cr\u00e9dito concedido pelos bancos subiu 0,3% de outubro para novembro, mas no ano registra queda de 3,6%. No m\u00eas passado, o saldo ficou em R$ 3,104 trilh\u00f5es.  Esse saldo correspondeu a 49,5% de tudo o que o pa\u00eds produz \u2013 Produto Interno Bruto (PIB), em novembro ante o percentual de 49,7% registrado em outubro deste ano.<\/p>\n<p>Kelly Oliveira \u2013 Rep\u00f3rter da Ag\u00eancia Brasil<br \/>\nEdi\u00e7\u00e3o: Val\u00e9ria Aguiar<br \/>\n26\/12\/2016<\/p>\n","protected":false},"excerpt":{"rendered":"<p>A taxa de juros do rotativo do cart\u00e3o de cr\u00e9dito chegou ao recorde de 482,1% ao ano, em novembro, informou o Banco Central (BC). A taxa subiu 6,3 pontos percentuais em rela\u00e7\u00e3o a outubro e foi a maior da s\u00e9rie hist\u00f3rica iniciada em mar\u00e7o de 2011. O rotativo \u00e9 o cr\u00e9dito tomado pelo consumidor quando [&hellip;]<\/p>\n","protected":false},"author":2,"featured_media":35203,"comment_status":"open","ping_status":"closed","sticky":false,"template":"","format":"standard","meta":{"_genesis_hide_title":false,"_genesis_hide_breadcrumbs":false,"_genesis_hide_singular_image":false,"_genesis_hide_footer_widgets":false,"_genesis_custom_body_class":"","_genesis_custom_post_class":"","_genesis_layout":"","_jetpack_memberships_contains_paid_content":false,"footnotes":""},"categories":[22,7],"tags":[],"class_list":{"0":"post-102889","1":"post","2":"type-post","3":"status-publish","4":"format-standard","5":"has-post-thumbnail","7":"category-brasil","8":"category-economia","9":"entry","10":"gs-1","11":"gs-odd","12":"gs-even","13":"gs-featured-content-entry"},"jetpack_featured_media_url":"https:\/\/www.redenoticia.com.br\/noticia\/imagens\/cartao-credito.jpg","jetpack_sharing_enabled":true,"jetpack_likes_enabled":true,"_links":{"self":[{"href":"https:\/\/www.redenoticia.com.br\/noticia\/wp-json\/wp\/v2\/posts\/102889","targetHints":{"allow":["GET"]}}],"collection":[{"href":"https:\/\/www.redenoticia.com.br\/noticia\/wp-json\/wp\/v2\/posts"}],"about":[{"href":"https:\/\/www.redenoticia.com.br\/noticia\/wp-json\/wp\/v2\/types\/post"}],"author":[{"embeddable":true,"href":"https:\/\/www.redenoticia.com.br\/noticia\/wp-json\/wp\/v2\/users\/2"}],"replies":[{"embeddable":true,"href":"https:\/\/www.redenoticia.com.br\/noticia\/wp-json\/wp\/v2\/comments?post=102889"}],"version-history":[{"count":0,"href":"https:\/\/www.redenoticia.com.br\/noticia\/wp-json\/wp\/v2\/posts\/102889\/revisions"}],"wp:featuredmedia":[{"embeddable":true,"href":"https:\/\/www.redenoticia.com.br\/noticia\/wp-json\/wp\/v2\/media\/35203"}],"wp:attachment":[{"href":"https:\/\/www.redenoticia.com.br\/noticia\/wp-json\/wp\/v2\/media?parent=102889"}],"wp:term":[{"taxonomy":"category","embeddable":true,"href":"https:\/\/www.redenoticia.com.br\/noticia\/wp-json\/wp\/v2\/categories?post=102889"},{"taxonomy":"post_tag","embeddable":true,"href":"https:\/\/www.redenoticia.com.br\/noticia\/wp-json\/wp\/v2\/tags?post=102889"}],"curies":[{"name":"wp","href":"https:\/\/api.w.org\/{rel}","templated":true}]}}