{"id":102887,"date":"2016-12-26T06:27:15","date_gmt":"2016-12-26T08:27:15","guid":{"rendered":"http:\/\/www.redenoticia.com.br\/noticia\/?p=102887"},"modified":"2016-12-25T18:28:29","modified_gmt":"2016-12-25T20:28:29","slug":"confianca-do-consumidor-fecha-2016-com-queda-de-58-pontos","status":"publish","type":"post","link":"https:\/\/www.redenoticia.com.br\/noticia\/2016\/confianca-do-consumidor-fecha-2016-com-queda-de-58-pontos\/102887","title":{"rendered":"Confian\u00e7a do consumidor fecha 2016 com queda de 5,8 pontos"},"content":{"rendered":"<p> O <strong><em>\u00cdndice de Confian\u00e7a do Consumidor<\/em><\/strong>, medido pela Funda\u00e7\u00e3o Getulio Vargas, caiu 5,8 pontos em dezembro e atingiu 73,3 pontos, em uma escala de zero a 200. Este \u00e9 o menor patamar do indicador desde junho deste ano.<\/p>\n<p>A satisfa\u00e7\u00e3o dos consumidores com a situa\u00e7\u00e3o presente, medida pelo \u00cdndice da Situa\u00e7\u00e3o Atual, recuou 3,8 pontos e atingiu 64,1 pontos, o menor j\u00e1 registrado pela FGV. J\u00e1 o \u00cdndice de Expectativas, que mede a confian\u00e7a em rela\u00e7\u00e3o ao futuro, recuou 6,9 pontos e chegou a 80,8 pontos.<\/p>\n<p>O componente que mais contribuiu para a queda do \u00cdndice de Confian\u00e7a do Consumidor em dezembro deste ano \u00e9 o que mede o otimismo em rela\u00e7\u00e3o \u00e0 situa\u00e7\u00e3o financeira das fam\u00edlias no futuro, com queda de 7,7 pontos.<\/p>\n<p>Vitor Abdala \u2013 Rep\u00f3rter da Ag\u00eancia Brasil<br \/>\nEdi\u00e7\u00e3o: Gra\u00e7a Adjuto<br \/>\n26\/12\/2016<br \/>\n&#8212;<br \/>\nCriada em 2007 para fortalecer o sistema p\u00fablico de comunica\u00e7\u00e3o, a EBC \u00e9 gestora da TV Brasil, TV Brasil Internacional, Ag\u00eancia Brasil, Radioag\u00eancia Nacional e do sistema p\u00fablico de R\u00e1dio, composto por oito emissoras: R\u00e1dio Nacional AM do Rio de Janeiro (1.130 KHz), R\u00e1dio Nacional AM de Bras\u00edlia (980 KHz), Nacional FM de Bras\u00edlia (96,1 MHz), R\u00e1dio MEC AM do Rio de Janeiro (800 KHz), MEC FM do Rio de Janeiro (99,3 MHz), R\u00e1dio Nacional da Amaz\u00f4nia OC (11.780 KHz e 6.180 KHz), R\u00e1dio Nacional AM do Alto Solim\u00f5es (670 KHz) e R\u00e1dio Nacional FM do Alto Solim\u00f5es (96.1 MHz). Por sua independ\u00eancia editorial, os ve\u00edculos p\u00fablicos distinguem-se dos canais estatais ou governamentais. A rede de emissoras produz conte\u00fados diferenciados que a singulariza por espelhar de maneira mais fidedigna a complexidade cultural brasileira, ocupando um espa\u00e7o complementar, n\u00e3o preenchido pelos canais privados.<\/p>\n","protected":false},"excerpt":{"rendered":"<p>O \u00cdndice de Confian\u00e7a do Consumidor, medido pela Funda\u00e7\u00e3o Getulio Vargas, caiu 5,8 pontos em dezembro e atingiu 73,3 pontos, em uma escala de zero a 200. Este \u00e9 o menor patamar do indicador desde junho deste ano. A satisfa\u00e7\u00e3o dos consumidores com a situa\u00e7\u00e3o presente, medida pelo \u00cdndice da Situa\u00e7\u00e3o Atual, recuou 3,8 pontos [&hellip;]<\/p>\n","protected":false},"author":2,"featured_media":38938,"comment_status":"open","ping_status":"closed","sticky":false,"template":"","format":"standard","meta":{"_genesis_hide_title":false,"_genesis_hide_breadcrumbs":false,"_genesis_hide_singular_image":false,"_genesis_hide_footer_widgets":false,"_genesis_custom_body_class":"","_genesis_custom_post_class":"","_genesis_layout":"","_jetpack_memberships_contains_paid_content":false,"footnotes":""},"categories":[22,7],"tags":[],"class_list":{"0":"post-102887","1":"post","2":"type-post","3":"status-publish","4":"format-standard","5":"has-post-thumbnail","7":"category-brasil","8":"category-economia","9":"entry","10":"gs-1","11":"gs-odd","12":"gs-even","13":"gs-featured-content-entry"},"jetpack_featured_media_url":"https:\/\/www.redenoticia.com.br\/noticia\/imagens\/economia1.jpg","jetpack_sharing_enabled":true,"jetpack_likes_enabled":true,"_links":{"self":[{"href":"https:\/\/www.redenoticia.com.br\/noticia\/wp-json\/wp\/v2\/posts\/102887","targetHints":{"allow":["GET"]}}],"collection":[{"href":"https:\/\/www.redenoticia.com.br\/noticia\/wp-json\/wp\/v2\/posts"}],"about":[{"href":"https:\/\/www.redenoticia.com.br\/noticia\/wp-json\/wp\/v2\/types\/post"}],"author":[{"embeddable":true,"href":"https:\/\/www.redenoticia.com.br\/noticia\/wp-json\/wp\/v2\/users\/2"}],"replies":[{"embeddable":true,"href":"https:\/\/www.redenoticia.com.br\/noticia\/wp-json\/wp\/v2\/comments?post=102887"}],"version-history":[{"count":0,"href":"https:\/\/www.redenoticia.com.br\/noticia\/wp-json\/wp\/v2\/posts\/102887\/revisions"}],"wp:featuredmedia":[{"embeddable":true,"href":"https:\/\/www.redenoticia.com.br\/noticia\/wp-json\/wp\/v2\/media\/38938"}],"wp:attachment":[{"href":"https:\/\/www.redenoticia.com.br\/noticia\/wp-json\/wp\/v2\/media?parent=102887"}],"wp:term":[{"taxonomy":"category","embeddable":true,"href":"https:\/\/www.redenoticia.com.br\/noticia\/wp-json\/wp\/v2\/categories?post=102887"},{"taxonomy":"post_tag","embeddable":true,"href":"https:\/\/www.redenoticia.com.br\/noticia\/wp-json\/wp\/v2\/tags?post=102887"}],"curies":[{"name":"wp","href":"https:\/\/api.w.org\/{rel}","templated":true}]}}