{"id":102885,"date":"2016-12-26T06:26:03","date_gmt":"2016-12-26T08:26:03","guid":{"rendered":"http:\/\/www.redenoticia.com.br\/noticia\/?p=102885"},"modified":"2016-12-25T18:27:09","modified_gmt":"2016-12-25T20:27:09","slug":"confianca-do-empresario-da-construcao-civil-fecha-o-ano-em-queda","status":"publish","type":"post","link":"https:\/\/www.redenoticia.com.br\/noticia\/2016\/confianca-do-empresario-da-construcao-civil-fecha-o-ano-em-queda\/102885","title":{"rendered":"Confian\u00e7a do empres\u00e1rio da constru\u00e7\u00e3o civil fecha o ano em queda"},"content":{"rendered":"<p> O <strong><em>\u00cdndice de Confian\u00e7a da Constru\u00e7\u00e3o<\/em><\/strong>, medido pela Funda\u00e7\u00e3o Getulio Vargas, recuou 0,8 ponto e chegou a 71,6 pontos em dezembro deste ano, em uma escala de zero a 200 pontos. O indicador est\u00e1 em queda h\u00e1 tr\u00eas meses e este \u00e9 o menor patamar desde julho deste 2016 (70,7 pontos).<\/p>\n<p>De acordo com a FGV, a queda da confian\u00e7a do empres\u00e1rio da constru\u00e7\u00e3o civil foi motivada pelo maior pessimismo em rela\u00e7\u00e3o aos pr\u00f3ximos meses. O \u00cdndice de Expectativas caiu 1,5 ponto e alcan\u00e7ou 80 pontos, devido principalmente \u00e0 queda de 2,4 pontos das perspectivas de demanda para os pr\u00f3ximos tr\u00eas meses.<\/p>\n<p>A confian\u00e7a em rela\u00e7\u00e3o ao momento presente recuou apenas 0,1 ponto, chegando a 63,7 pontos. O principal componente que justifica a leve queda foi o desempenho negativo da avalia\u00e7\u00e3o sobre a situa\u00e7\u00e3o atual da carteira de contratos, que caiu 0,2 ponto.<\/p>\n<p>Vitor Abdala &#8211; Rep\u00f3rter da Ag\u00eancia Brasil<br \/>\nEdi\u00e7\u00e3o: Val\u00e9ria Aguiar<br \/>\n26\/12\/2016<br \/>\n&#8212;<br \/>\nCriada em 2007 para fortalecer o sistema p\u00fablico de comunica\u00e7\u00e3o, a EBC \u00e9 gestora da TV Brasil, TV Brasil Internacional, Ag\u00eancia Brasil, Radioag\u00eancia Nacional e do sistema p\u00fablico de R\u00e1dio, composto por oito emissoras: R\u00e1dio Nacional AM do Rio de Janeiro (1.130 KHz), R\u00e1dio Nacional AM de Bras\u00edlia (980 KHz), Nacional FM de Bras\u00edlia (96,1 MHz), R\u00e1dio MEC AM do Rio de Janeiro (800 KHz), MEC FM do Rio de Janeiro (99,3 MHz), R\u00e1dio Nacional da Amaz\u00f4nia OC (11.780 KHz e 6.180 KHz), R\u00e1dio Nacional AM do Alto Solim\u00f5es (670 KHz) e R\u00e1dio Nacional FM do Alto Solim\u00f5es (96.1 MHz). Por sua independ\u00eancia editorial, os ve\u00edculos p\u00fablicos distinguem-se dos canais estatais ou governamentais. A rede de emissoras produz conte\u00fados diferenciados que a singulariza por espelhar de maneira mais fidedigna a complexidade cultural brasileira, ocupando um espa\u00e7o complementar, n\u00e3o preenchido pelos canais privados.<\/p>\n","protected":false},"excerpt":{"rendered":"<p>O \u00cdndice de Confian\u00e7a da Constru\u00e7\u00e3o, medido pela Funda\u00e7\u00e3o Getulio Vargas, recuou 0,8 ponto e chegou a 71,6 pontos em dezembro deste ano, em uma escala de zero a 200 pontos. O indicador est\u00e1 em queda h\u00e1 tr\u00eas meses e este \u00e9 o menor patamar desde julho deste 2016 (70,7 pontos). De acordo com a [&hellip;]<\/p>\n","protected":false},"author":2,"featured_media":57585,"comment_status":"open","ping_status":"closed","sticky":false,"template":"","format":"standard","meta":{"_genesis_hide_title":false,"_genesis_hide_breadcrumbs":false,"_genesis_hide_singular_image":false,"_genesis_hide_footer_widgets":false,"_genesis_custom_body_class":"","_genesis_custom_post_class":"","_genesis_layout":"","_jetpack_memberships_contains_paid_content":false,"footnotes":""},"categories":[22,7],"tags":[],"class_list":{"0":"post-102885","1":"post","2":"type-post","3":"status-publish","4":"format-standard","5":"has-post-thumbnail","7":"category-brasil","8":"category-economia","9":"entry","10":"gs-1","11":"gs-odd","12":"gs-even","13":"gs-featured-content-entry"},"jetpack_featured_media_url":"https:\/\/www.redenoticia.com.br\/noticia\/imagens\/analise-economia.jpg","jetpack_sharing_enabled":true,"jetpack_likes_enabled":true,"_links":{"self":[{"href":"https:\/\/www.redenoticia.com.br\/noticia\/wp-json\/wp\/v2\/posts\/102885","targetHints":{"allow":["GET"]}}],"collection":[{"href":"https:\/\/www.redenoticia.com.br\/noticia\/wp-json\/wp\/v2\/posts"}],"about":[{"href":"https:\/\/www.redenoticia.com.br\/noticia\/wp-json\/wp\/v2\/types\/post"}],"author":[{"embeddable":true,"href":"https:\/\/www.redenoticia.com.br\/noticia\/wp-json\/wp\/v2\/users\/2"}],"replies":[{"embeddable":true,"href":"https:\/\/www.redenoticia.com.br\/noticia\/wp-json\/wp\/v2\/comments?post=102885"}],"version-history":[{"count":0,"href":"https:\/\/www.redenoticia.com.br\/noticia\/wp-json\/wp\/v2\/posts\/102885\/revisions"}],"wp:featuredmedia":[{"embeddable":true,"href":"https:\/\/www.redenoticia.com.br\/noticia\/wp-json\/wp\/v2\/media\/57585"}],"wp:attachment":[{"href":"https:\/\/www.redenoticia.com.br\/noticia\/wp-json\/wp\/v2\/media?parent=102885"}],"wp:term":[{"taxonomy":"category","embeddable":true,"href":"https:\/\/www.redenoticia.com.br\/noticia\/wp-json\/wp\/v2\/categories?post=102885"},{"taxonomy":"post_tag","embeddable":true,"href":"https:\/\/www.redenoticia.com.br\/noticia\/wp-json\/wp\/v2\/tags?post=102885"}],"curies":[{"name":"wp","href":"https:\/\/api.w.org\/{rel}","templated":true}]}}