{"id":102883,"date":"2016-12-26T06:24:35","date_gmt":"2016-12-26T08:24:35","guid":{"rendered":"http:\/\/www.redenoticia.com.br\/noticia\/?p=102883"},"modified":"2016-12-25T18:25:56","modified_gmt":"2016-12-25T20:25:56","slug":"brasileiros-estimam-inflacao-de-91-para-os-proximos-12-meses-diz-fgv","status":"publish","type":"post","link":"https:\/\/www.redenoticia.com.br\/noticia\/2016\/brasileiros-estimam-inflacao-de-91-para-os-proximos-12-meses-diz-fgv\/102883","title":{"rendered":"Brasileiros estimam infla\u00e7\u00e3o de 9,1% para os pr\u00f3ximos 12 meses, diz FGV"},"content":{"rendered":"<p> Os consumidores brasileiros acreditam que os pr\u00f3ximos 12 meses acumular\u00e3o uma taxa de <strong><em>infla\u00e7\u00e3o<\/em><\/strong> de 9,1%, segundo levantamento de dezembro da Funda\u00e7\u00e3o Getulio Vargas (FGV). Esse \u00e9 o segundo m\u00eas consecutivo em que o resultado fica estatisticamente est\u00e1vel, j\u00e1 que a estimativa de novembro apontava para uma taxa de 9,2%, segundos os consumidores.<\/p>\n<p>Em dezembro do ano passado, a taxa havia ficado em 11%, segundo a FGV.<\/p>\n<p>Entre as faixas de renda pesquisadas, a expectativa de infla\u00e7\u00e3o aumentou apenas para aqueles com renda entre R$ 2.100 e R$ 4.800, ao passar de 9,3% para 9,8%. Nas outras tr\u00eas faixas de renda (menos de R$ 2.800, entre R$ 4.800 e R$ 9.600 e acima de R$ 9.600), a expectativa caiu.<\/p>\n<p>Vitor Abdala &#8211; Rep\u00f3rter da Ag\u00eancia Brasil<br \/>\nEdi\u00e7\u00e3o: L\u00edlian Beraldo<br \/>\n26\/12\/2016<br \/>\n&#8212;<br \/>\nCriada em 2007 para fortalecer o sistema p\u00fablico de comunica\u00e7\u00e3o, a EBC \u00e9 gestora da TV Brasil, TV Brasil Internacional, Ag\u00eancia Brasil, Radioag\u00eancia Nacional e do sistema p\u00fablico de R\u00e1dio, composto por oito emissoras: R\u00e1dio Nacional AM do Rio de Janeiro (1.130 KHz), R\u00e1dio Nacional AM de Bras\u00edlia (980 KHz), Nacional FM de Bras\u00edlia (96,1 MHz), R\u00e1dio MEC AM do Rio de Janeiro (800 KHz), MEC FM do Rio de Janeiro (99,3 MHz), R\u00e1dio Nacional da Amaz\u00f4nia OC (11.780 KHz e 6.180 KHz), R\u00e1dio Nacional AM do Alto Solim\u00f5es (670 KHz) e R\u00e1dio Nacional FM do Alto Solim\u00f5es (96.1 MHz). Por sua independ\u00eancia editorial, os ve\u00edculos p\u00fablicos distinguem-se dos canais estatais ou governamentais. A rede de emissoras produz conte\u00fados diferenciados que a singulariza por espelhar de maneira mais fidedigna a complexidade cultural brasileira, ocupando um espa\u00e7o complementar, n\u00e3o preenchido pelos canais privados.<\/p>\n","protected":false},"excerpt":{"rendered":"<p>Os consumidores brasileiros acreditam que os pr\u00f3ximos 12 meses acumular\u00e3o uma taxa de infla\u00e7\u00e3o de 9,1%, segundo levantamento de dezembro da Funda\u00e7\u00e3o Getulio Vargas (FGV). Esse \u00e9 o segundo m\u00eas consecutivo em que o resultado fica estatisticamente est\u00e1vel, j\u00e1 que a estimativa de novembro apontava para uma taxa de 9,2%, segundos os consumidores. Em dezembro [&hellip;]<\/p>\n","protected":false},"author":2,"featured_media":34916,"comment_status":"open","ping_status":"closed","sticky":false,"template":"","format":"standard","meta":{"_genesis_hide_title":false,"_genesis_hide_breadcrumbs":false,"_genesis_hide_singular_image":false,"_genesis_hide_footer_widgets":false,"_genesis_custom_body_class":"","_genesis_custom_post_class":"","_genesis_layout":"","_jetpack_memberships_contains_paid_content":false,"footnotes":""},"categories":[22,7],"tags":[],"class_list":{"0":"post-102883","1":"post","2":"type-post","3":"status-publish","4":"format-standard","5":"has-post-thumbnail","7":"category-brasil","8":"category-economia","9":"entry","10":"gs-1","11":"gs-odd","12":"gs-even","13":"gs-featured-content-entry"},"jetpack_featured_media_url":"https:\/\/www.redenoticia.com.br\/noticia\/imagens\/inflacao.jpg","jetpack_sharing_enabled":true,"jetpack_likes_enabled":true,"_links":{"self":[{"href":"https:\/\/www.redenoticia.com.br\/noticia\/wp-json\/wp\/v2\/posts\/102883","targetHints":{"allow":["GET"]}}],"collection":[{"href":"https:\/\/www.redenoticia.com.br\/noticia\/wp-json\/wp\/v2\/posts"}],"about":[{"href":"https:\/\/www.redenoticia.com.br\/noticia\/wp-json\/wp\/v2\/types\/post"}],"author":[{"embeddable":true,"href":"https:\/\/www.redenoticia.com.br\/noticia\/wp-json\/wp\/v2\/users\/2"}],"replies":[{"embeddable":true,"href":"https:\/\/www.redenoticia.com.br\/noticia\/wp-json\/wp\/v2\/comments?post=102883"}],"version-history":[{"count":0,"href":"https:\/\/www.redenoticia.com.br\/noticia\/wp-json\/wp\/v2\/posts\/102883\/revisions"}],"wp:featuredmedia":[{"embeddable":true,"href":"https:\/\/www.redenoticia.com.br\/noticia\/wp-json\/wp\/v2\/media\/34916"}],"wp:attachment":[{"href":"https:\/\/www.redenoticia.com.br\/noticia\/wp-json\/wp\/v2\/media?parent=102883"}],"wp:term":[{"taxonomy":"category","embeddable":true,"href":"https:\/\/www.redenoticia.com.br\/noticia\/wp-json\/wp\/v2\/categories?post=102883"},{"taxonomy":"post_tag","embeddable":true,"href":"https:\/\/www.redenoticia.com.br\/noticia\/wp-json\/wp\/v2\/tags?post=102883"}],"curies":[{"name":"wp","href":"https:\/\/api.w.org\/{rel}","templated":true}]}}