{"id":102879,"date":"2016-12-26T06:22:08","date_gmt":"2016-12-26T08:22:08","guid":{"rendered":"http:\/\/www.redenoticia.com.br\/noticia\/?p=102879"},"modified":"2016-12-25T18:23:13","modified_gmt":"2016-12-25T20:23:13","slug":"saiba-quais-seus-direitos-como-turista-nos-guias-on-line-do-procon-sp","status":"publish","type":"post","link":"https:\/\/www.redenoticia.com.br\/noticia\/2016\/saiba-quais-seus-direitos-como-turista-nos-guias-on-line-do-procon-sp\/102879","title":{"rendered":"Saiba quais seus direitos como turista nos guias on-line do Procon-SP"},"content":{"rendered":"<p> Quem gosta de viajar e est\u00e1 sempre longe de casa, seja por lazer ou trabalho, deve conhecer quais s\u00e3o os seus direitos. A\u00a0\u00a0possui duas cartilhas com orienta\u00e7\u00f5es sobre os benef\u00edcios que os <strong><em>turistas<\/em><\/strong> tem antes, durante e depois da viagem.<\/p>\n<p>O\u00a0\u00a0oferece dicas sobre contrata\u00e7\u00e3o de pacotes tur\u00edsticos, hospedagem, aluguel de ve\u00edculos e seguro, al\u00e9m de alertar sobre os direitos do consumidor em casos de atraso e cancelamentos de voos e viagens rodovi\u00e1rias. Um guia completo para aproveitar as f\u00e9rias ou uma loca\u00e7\u00e3o final de semana sem aborrecimentos.<\/p>\n<p>J\u00e1 a cartilha\u00a0\u00a0traz informa\u00e7\u00f5es sobre os direitos b\u00e1sicos do consumidor em diversas situa\u00e7\u00f5es como compras em shopping e ida a bares e restaurantes, por exemplo. S\u00e3o 200 p\u00e1ginas em portugu\u00eas, ingl\u00eas e espanhol.<\/p>\n<p>Todo conte\u00fado \u00e9 gratuito e est\u00e1 dispon\u00edvel on-line.<\/p>\n<p>Do Portal do Governo do Estado SP<\/p>\n","protected":false},"excerpt":{"rendered":"<p>Quem gosta de viajar e est\u00e1 sempre longe de casa, seja por lazer ou trabalho, deve conhecer quais s\u00e3o os seus direitos. A\u00a0\u00a0possui duas cartilhas com orienta\u00e7\u00f5es sobre os benef\u00edcios que os turistas tem antes, durante e depois da viagem. O\u00a0\u00a0oferece dicas sobre contrata\u00e7\u00e3o de pacotes tur\u00edsticos, hospedagem, aluguel de ve\u00edculos e seguro, al\u00e9m de [&hellip;]<\/p>\n","protected":false},"author":2,"featured_media":41101,"comment_status":"open","ping_status":"closed","sticky":false,"template":"","format":"standard","meta":{"_genesis_hide_title":false,"_genesis_hide_breadcrumbs":false,"_genesis_hide_singular_image":false,"_genesis_hide_footer_widgets":false,"_genesis_custom_body_class":"","_genesis_custom_post_class":"","_genesis_layout":"","_jetpack_memberships_contains_paid_content":false,"footnotes":""},"categories":[22],"tags":[],"class_list":{"0":"post-102879","1":"post","2":"type-post","3":"status-publish","4":"format-standard","5":"has-post-thumbnail","7":"category-brasil","8":"entry","9":"gs-1","10":"gs-odd","11":"gs-even","12":"gs-featured-content-entry"},"jetpack_featured_media_url":"https:\/\/www.redenoticia.com.br\/noticia\/imagens\/praia-balneario.jpg","jetpack_sharing_enabled":true,"jetpack_likes_enabled":true,"_links":{"self":[{"href":"https:\/\/www.redenoticia.com.br\/noticia\/wp-json\/wp\/v2\/posts\/102879","targetHints":{"allow":["GET"]}}],"collection":[{"href":"https:\/\/www.redenoticia.com.br\/noticia\/wp-json\/wp\/v2\/posts"}],"about":[{"href":"https:\/\/www.redenoticia.com.br\/noticia\/wp-json\/wp\/v2\/types\/post"}],"author":[{"embeddable":true,"href":"https:\/\/www.redenoticia.com.br\/noticia\/wp-json\/wp\/v2\/users\/2"}],"replies":[{"embeddable":true,"href":"https:\/\/www.redenoticia.com.br\/noticia\/wp-json\/wp\/v2\/comments?post=102879"}],"version-history":[{"count":0,"href":"https:\/\/www.redenoticia.com.br\/noticia\/wp-json\/wp\/v2\/posts\/102879\/revisions"}],"wp:featuredmedia":[{"embeddable":true,"href":"https:\/\/www.redenoticia.com.br\/noticia\/wp-json\/wp\/v2\/media\/41101"}],"wp:attachment":[{"href":"https:\/\/www.redenoticia.com.br\/noticia\/wp-json\/wp\/v2\/media?parent=102879"}],"wp:term":[{"taxonomy":"category","embeddable":true,"href":"https:\/\/www.redenoticia.com.br\/noticia\/wp-json\/wp\/v2\/categories?post=102879"},{"taxonomy":"post_tag","embeddable":true,"href":"https:\/\/www.redenoticia.com.br\/noticia\/wp-json\/wp\/v2\/tags?post=102879"}],"curies":[{"name":"wp","href":"https:\/\/api.w.org\/{rel}","templated":true}]}}