{"id":102875,"date":"2016-12-26T06:18:48","date_gmt":"2016-12-26T08:18:48","guid":{"rendered":"http:\/\/www.redenoticia.com.br\/noticia\/?p=102875"},"modified":"2016-12-25T18:20:58","modified_gmt":"2016-12-25T20:20:58","slug":"carteira-nacional-de-habilitacao-sofre-alteracoes-em-janeiro","status":"publish","type":"post","link":"https:\/\/www.redenoticia.com.br\/noticia\/2016\/carteira-nacional-de-habilitacao-sofre-alteracoes-em-janeiro\/102875","title":{"rendered":"Carteira Nacional de Habilita\u00e7\u00e3o sofre altera\u00e7\u00f5es em janeiro"},"content":{"rendered":"<p> As CNHs (<strong><em>Carteira Nacional de Habilita\u00e7\u00e3o<\/em><\/strong>) emitidas a partir de 2 de janeiro de 2017 v\u00e3o ganhar novas cores e itens de seguran\u00e7a, atendendo a nova regulamenta\u00e7\u00e3o do Conselho Nacional de Tr\u00e2nsito (Contran), v\u00e1lida para todo o pa\u00eds.<\/p>\n<p>Entre as principais altera\u00e7\u00f5es est\u00e1 a troca pela cor preta da tinta azul esverdeada da tarja que fica no topo das atuais carteiras, acima da foto de identifica\u00e7\u00e3o da pessoa. A impress\u00e3o continua em alto relevo e a tarja passa a ter do lado direito o mapa do Estado respons\u00e1vel pela emiss\u00e3o da CNH.<\/p>\n<p>No alto do lado esquerdo, sob o Braz\u00e3o da Rep\u00fablica, a imagem do mapa do Brasil passa a ser impressa com tinta especial, aumentando a seguran\u00e7a contra falsifica\u00e7\u00f5es. Todo o fundo do documento vai ficar mais amarelo e alguns elementos gr\u00e1ficos, como n\u00fameros, poder\u00e3o ser conferidos com o uso de luz ultravioleta.<\/p>\n<p>A CNH ganhar\u00e1 bras\u00f5es da Rep\u00fablica impressos, que s\u00f3 ser\u00e3o vistos com o uso de luz negra. Na parte de baixo do documento haver\u00e1 uma holografia com a sigla CNH impressa repetidas vezes e adi\u00e7\u00e3o de novos fios de microletras.<\/p>\n<p>As mudan\u00e7as prosseguem com o acr\u00e9scimo de outros itens de seguran\u00e7a como n\u00fameros adicionais de identifica\u00e7\u00e3o nacional e estadual e c\u00f3digo n\u00famerico com base em dados individuais de cada CNH, que permite a verifica\u00e7\u00e3o da autenticidade pelos agentes de tr\u00e2nsito, por meio de aplicativo do Denatran (Departamento Nacional de Tr\u00e2nsito).<\/p>\n<p>As mudan\u00e7as n\u00e3o interferem na rotina de emiss\u00e3o da CNH pelo postos do  e unidades do , tampouco no tempo de atendimento, j\u00e1 que as altera\u00e7\u00f5es necess\u00e1rias para a emiss\u00e3o dos documentos j\u00e1 foram providenciadas. N\u00e3o h\u00e1 necessidade de troca pelos novos modelos das CNHs atuais que est\u00e3o dentro do prazo de validade.<\/p>\n<p>Do Portal do Governo do Estado\u00a0SP<\/p>\n","protected":false},"excerpt":{"rendered":"<p>As CNHs (Carteira Nacional de Habilita\u00e7\u00e3o) emitidas a partir de 2 de janeiro de 2017 v\u00e3o ganhar novas cores e itens de seguran\u00e7a, atendendo a nova regulamenta\u00e7\u00e3o do Conselho Nacional de Tr\u00e2nsito (Contran), v\u00e1lida para todo o pa\u00eds. Entre as principais altera\u00e7\u00f5es est\u00e1 a troca pela cor preta da tinta azul esverdeada da tarja que [&hellip;]<\/p>\n","protected":false},"author":2,"featured_media":28951,"comment_status":"open","ping_status":"closed","sticky":false,"template":"","format":"standard","meta":{"_genesis_hide_title":false,"_genesis_hide_breadcrumbs":false,"_genesis_hide_singular_image":false,"_genesis_hide_footer_widgets":false,"_genesis_custom_body_class":"","_genesis_custom_post_class":"","_genesis_layout":"","_jetpack_memberships_contains_paid_content":false,"footnotes":""},"categories":[22],"tags":[],"class_list":{"0":"post-102875","1":"post","2":"type-post","3":"status-publish","4":"format-standard","5":"has-post-thumbnail","7":"category-brasil","8":"entry","9":"gs-1","10":"gs-odd","11":"gs-even","12":"gs-featured-content-entry"},"jetpack_featured_media_url":"https:\/\/www.redenoticia.com.br\/noticia\/imagens\/concurso-inscricao-vagas-ate.jpg","jetpack_sharing_enabled":true,"jetpack_likes_enabled":true,"_links":{"self":[{"href":"https:\/\/www.redenoticia.com.br\/noticia\/wp-json\/wp\/v2\/posts\/102875","targetHints":{"allow":["GET"]}}],"collection":[{"href":"https:\/\/www.redenoticia.com.br\/noticia\/wp-json\/wp\/v2\/posts"}],"about":[{"href":"https:\/\/www.redenoticia.com.br\/noticia\/wp-json\/wp\/v2\/types\/post"}],"author":[{"embeddable":true,"href":"https:\/\/www.redenoticia.com.br\/noticia\/wp-json\/wp\/v2\/users\/2"}],"replies":[{"embeddable":true,"href":"https:\/\/www.redenoticia.com.br\/noticia\/wp-json\/wp\/v2\/comments?post=102875"}],"version-history":[{"count":0,"href":"https:\/\/www.redenoticia.com.br\/noticia\/wp-json\/wp\/v2\/posts\/102875\/revisions"}],"wp:featuredmedia":[{"embeddable":true,"href":"https:\/\/www.redenoticia.com.br\/noticia\/wp-json\/wp\/v2\/media\/28951"}],"wp:attachment":[{"href":"https:\/\/www.redenoticia.com.br\/noticia\/wp-json\/wp\/v2\/media?parent=102875"}],"wp:term":[{"taxonomy":"category","embeddable":true,"href":"https:\/\/www.redenoticia.com.br\/noticia\/wp-json\/wp\/v2\/categories?post=102875"},{"taxonomy":"post_tag","embeddable":true,"href":"https:\/\/www.redenoticia.com.br\/noticia\/wp-json\/wp\/v2\/tags?post=102875"}],"curies":[{"name":"wp","href":"https:\/\/api.w.org\/{rel}","templated":true}]}}