{"id":102710,"date":"2016-12-23T06:47:15","date_gmt":"2016-12-23T08:47:15","guid":{"rendered":"http:\/\/www.redenoticia.com.br\/noticia\/?p=102710"},"modified":"2016-12-22T18:48:01","modified_gmt":"2016-12-22T20:48:01","slug":"bc-reduz-projecao-para-crescimento-da-economia-em-2017-para-08","status":"publish","type":"post","link":"https:\/\/www.redenoticia.com.br\/noticia\/2016\/bc-reduz-projecao-para-crescimento-da-economia-em-2017-para-08\/102710","title":{"rendered":"BC reduz proje\u00e7\u00e3o para crescimento da economia em 2017 para 0,8%"},"content":{"rendered":"<p> O Banco Central (BC) reduziu a proje\u00e7\u00e3o para o <strong><em>crescimento da economia<\/em><\/strong> no pr\u00f3ximo ano. A estimativa para a expans\u00e3o do Produto Interno Bruto (PIB), soma de todos os bens e servi\u00e7os produzidos o pa\u00eds, passou de 1,3% para 0,8%.<\/p>\n<p>A estimativa de queda para este ano foi revisada para 3,4%, ante 3,3%, previstos em setembro. As proje\u00e7\u00f5es constam do Relat\u00f3rio de Infla\u00e7\u00e3o do quarto trimestre, divulgado pelo BC.<\/p>\n<p>Segundo o relat\u00f3rio, a nova proje\u00e7\u00e3o para 2017 \u00e9 \u201cconsistente com a probabilidade maior de que a retomada da atividade econ\u00f4mica seja mais demorada e gradual que a antecipada previamente\u201d.<\/p>\n<p>Para 2016, a previs\u00e3o para a produ\u00e7\u00e3o agropecu\u00e1ria \u00e9 de recuo de 5,9%, ante estimativa anterior de 2,2%. A proje\u00e7\u00e3o para o desempenho da ind\u00fastria passou de 3,3% para 3,5% de retra\u00e7\u00e3o.<\/p>\n<p>O setor de servi\u00e7os dever\u00e1 retrair 2,5%, ante proje\u00e7\u00e3o anterior de 2,7%.<\/p>\n<p>A estimativa para a retra\u00e7\u00e3o dos investimentos (Forma\u00e7\u00e3o Bruta de Capital Fixo) piorou de 8,7% para 10,1%. A proje\u00e7\u00e3o para a queda dos consumos das fam\u00edlias \u00e9 4,2%, ante 4,4% previstos anteriormente.<\/p>\n<p>Em 2017, a produ\u00e7\u00e3o agropecu\u00e1ria dever\u00e1 crescer 4%, a ind\u00fastria 0,6% e o setor de servi\u00e7os 0,4%. A estimativa para os investimentos \u00e9  0,5% e para o consumo das fam\u00edlias, 0,4%.<\/p>\n<p>Kelly Oliveira \u2013 Rep\u00f3rter da Ag\u00eancia Brasil<br \/>\nEdi\u00e7\u00e3o: Val\u00e9ria Aguiar<br \/>\n23\/12\/2016<\/p>\n","protected":false},"excerpt":{"rendered":"<p>O Banco Central (BC) reduziu a proje\u00e7\u00e3o para o crescimento da economia no pr\u00f3ximo ano. A estimativa para a expans\u00e3o do Produto Interno Bruto (PIB), soma de todos os bens e servi\u00e7os produzidos o pa\u00eds, passou de 1,3% para 0,8%. A estimativa de queda para este ano foi revisada para 3,4%, ante 3,3%, previstos em [&hellip;]<\/p>\n","protected":false},"author":2,"featured_media":57583,"comment_status":"open","ping_status":"closed","sticky":false,"template":"","format":"standard","meta":{"_genesis_hide_title":false,"_genesis_hide_breadcrumbs":false,"_genesis_hide_singular_image":false,"_genesis_hide_footer_widgets":false,"_genesis_custom_body_class":"","_genesis_custom_post_class":"","_genesis_layout":"","_jetpack_memberships_contains_paid_content":false,"footnotes":""},"categories":[22,7],"tags":[],"class_list":{"0":"post-102710","1":"post","2":"type-post","3":"status-publish","4":"format-standard","5":"has-post-thumbnail","7":"category-brasil","8":"category-economia","9":"entry","10":"gs-1","11":"gs-odd","12":"gs-even","13":"gs-featured-content-entry"},"jetpack_featured_media_url":"https:\/\/www.redenoticia.com.br\/noticia\/imagens\/economia-grafico.jpg","jetpack_sharing_enabled":true,"jetpack_likes_enabled":true,"_links":{"self":[{"href":"https:\/\/www.redenoticia.com.br\/noticia\/wp-json\/wp\/v2\/posts\/102710","targetHints":{"allow":["GET"]}}],"collection":[{"href":"https:\/\/www.redenoticia.com.br\/noticia\/wp-json\/wp\/v2\/posts"}],"about":[{"href":"https:\/\/www.redenoticia.com.br\/noticia\/wp-json\/wp\/v2\/types\/post"}],"author":[{"embeddable":true,"href":"https:\/\/www.redenoticia.com.br\/noticia\/wp-json\/wp\/v2\/users\/2"}],"replies":[{"embeddable":true,"href":"https:\/\/www.redenoticia.com.br\/noticia\/wp-json\/wp\/v2\/comments?post=102710"}],"version-history":[{"count":0,"href":"https:\/\/www.redenoticia.com.br\/noticia\/wp-json\/wp\/v2\/posts\/102710\/revisions"}],"wp:featuredmedia":[{"embeddable":true,"href":"https:\/\/www.redenoticia.com.br\/noticia\/wp-json\/wp\/v2\/media\/57583"}],"wp:attachment":[{"href":"https:\/\/www.redenoticia.com.br\/noticia\/wp-json\/wp\/v2\/media?parent=102710"}],"wp:term":[{"taxonomy":"category","embeddable":true,"href":"https:\/\/www.redenoticia.com.br\/noticia\/wp-json\/wp\/v2\/categories?post=102710"},{"taxonomy":"post_tag","embeddable":true,"href":"https:\/\/www.redenoticia.com.br\/noticia\/wp-json\/wp\/v2\/tags?post=102710"}],"curies":[{"name":"wp","href":"https:\/\/api.w.org\/{rel}","templated":true}]}}