{"id":10265,"date":"2009-08-31T11:21:11","date_gmt":"2009-08-31T15:21:11","guid":{"rendered":"http:\/\/www.redenoticia.com.br\/noticia\/?p=10265"},"modified":"2009-09-14T14:48:32","modified_gmt":"2009-09-14T18:48:32","slug":"inscricao-em-concurso-de-2-859-vagas-caucaia-fortaleza","status":"publish","type":"post","link":"https:\/\/www.redenoticia.com.br\/noticia\/2009\/inscricao-em-concurso-de-2-859-vagas-caucaia-fortaleza\/10265","title":{"rendered":"Inscri\u00e7\u00e3o em concurso de 2.859 vagas Caucaia &#8211; Fortaleza"},"content":{"rendered":"<p>A Inscri\u00e7\u00e3o no concurso p\u00fablico da Prefeitura de Caucaia (CE), regi\u00e3o metropolitana de Fortaleza, ser\u00e1 aberta nesta ter\u00e7a-feira (01\/09). S\u00e3o 2.859 vagas em 130 cargos de todos os n\u00edveis de escolaridade. Os sal\u00e1rios v\u00e3o de R$ 470 a R$ 4.400. As inscri\u00e7\u00f5es v\u00e3o at\u00e9 as 23h de 30 de setembro pelo site <a href=\"http:\/\/www.funece.iepro.org.br\" target=\"_blank\">www.funece.iepro.org.br<\/a>. \u00a0As provas ser\u00e3o aplicadas nos dias 14, 21 e 28 de novembro. Mais detalhes sobre a data das provas por cargo pretendido ser\u00e1 divulgado em 23 de outubro. As taxas de inscri\u00e7\u00f5es v\u00e3o de R$ 60 para n\u00edvel fundamental e m\u00e9dio a R$ 120,00 para n\u00edvel superior.\u00a0<br \/>\nVagas: 2.859<\/p>\n<p>Cargo: v\u00e1rios<\/p>\n<p>Remunera\u00e7\u00e3o: at\u00e9 R$ 4.400,00<\/p>\n<p>N\u00edvel: fundamental, m\u00e9dio e superior<\/p>\n<p>CRONOGRAMA<\/p>\n<p>Per\u00edodo de Inscri\u00e7\u00e3o: de 01 a 30 de setembro<\/p>\n<p>Local de Inscri\u00e7\u00e3o: www.funece.iepro.org.br<\/p>\n<p>Hor\u00e1rio de Inscri\u00e7\u00e3o: das 07h00min \u00e0s 23h00min<\/p>\n<p>Homologa\u00e7\u00e3o das Inscri\u00e7\u00f5es: 09 de outubro de 2009 e divulgada em www.funece.iepro.org.br<\/p>\n<p>Data de realiza\u00e7\u00e3o do concurso: 14, 21 e 28 de novembro de 2009, sendo que a data por categoria ser\u00e1 divulgada em 23 de outubro de 2009<\/p>\n<p>Local de Realiza\u00e7\u00e3o das Provas: ser\u00e1 informado quando da disponibiliza\u00e7\u00e3o dos Cart\u00f5es de Inscri\u00e7\u00e3o em 23 de outubro de 2009<\/p>\n<p>Hor\u00e1rio das Provas: n\u00edvel Superior \u2013 08h00min \u00e0s 12h00min; n\u00edveis Fundamental e M\u00e9dio \u2013 14h00min \u00e0s 18h00min<\/p>\n<p>O Presidente da Funda\u00e7\u00e3o Universidade Estadual do Cear\u00e1 \u2013 FUNECE, Prof. Ms. Francisco de Assis Moura Araripe e o Presidente do Instituto de Estudos, Pesquisas e Projetos da UECE \u2013 IEPRO, Prof. Ms. Jo\u00e3o Alves de Melo, sentem-se honrados com a escolha das Institui\u00e7\u00f5es que representam para a miss\u00e3o de organizar e executar o Concurso P\u00fablico para provimento de cargos efetivos do quadro de pessoal permanente e forma\u00e7\u00e3o de cadastro reserva da Prefeitura Municipal de Caucaia e comprometidos com a compet\u00eancia, lisura e transpar\u00eancia que devem presidir certames da esp\u00e9cie.<\/p>\n<p>A FUNECE e o IEPRO disponibilizam uma ampla estrutura de apoio para prestar informa\u00e7\u00f5es aos candidatos em conformidade com o Edital que rege o Concurso, publicado no Di\u00e1rio Oficial do Munic\u00edpio de Caucaia que circulou no dia\u00a018 de agosto de 2009.<\/p>\n","protected":false},"excerpt":{"rendered":"<p>A Inscri\u00e7\u00e3o no concurso p\u00fablico da Prefeitura de Caucaia (CE), regi\u00e3o metropolitana de Fortaleza, ser\u00e1 aberta nesta ter\u00e7a-feira (01\/09). S\u00e3o 2.859 vagas em 130 cargos de todos os n\u00edveis de escolaridade. Os sal\u00e1rios v\u00e3o de R$ 470 a R$ 4.400. As inscri\u00e7\u00f5es v\u00e3o at\u00e9 as 23h de 30 de setembro pelo site www.funece.iepro.org.br. \u00a0As provas [&hellip;]<\/p>\n","protected":false},"author":3,"featured_media":0,"comment_status":"open","ping_status":"open","sticky":false,"template":"","format":"standard","meta":{"_genesis_hide_title":false,"_genesis_hide_breadcrumbs":false,"_genesis_hide_singular_image":false,"_genesis_hide_footer_widgets":false,"_genesis_custom_body_class":"","_genesis_custom_post_class":"","_genesis_layout":"","_jetpack_memberships_contains_paid_content":false,"footnotes":""},"categories":[22,352],"tags":[],"class_list":{"0":"post-10265","1":"post","2":"type-post","3":"status-publish","4":"format-standard","6":"category-brasil","7":"category-concursos","8":"entry","9":"gs-1","10":"gs-odd","11":"gs-even","12":"gs-featured-content-entry"},"jetpack_featured_media_url":"","jetpack_sharing_enabled":true,"jetpack_likes_enabled":true,"_links":{"self":[{"href":"https:\/\/www.redenoticia.com.br\/noticia\/wp-json\/wp\/v2\/posts\/10265","targetHints":{"allow":["GET"]}}],"collection":[{"href":"https:\/\/www.redenoticia.com.br\/noticia\/wp-json\/wp\/v2\/posts"}],"about":[{"href":"https:\/\/www.redenoticia.com.br\/noticia\/wp-json\/wp\/v2\/types\/post"}],"author":[{"embeddable":true,"href":"https:\/\/www.redenoticia.com.br\/noticia\/wp-json\/wp\/v2\/users\/3"}],"replies":[{"embeddable":true,"href":"https:\/\/www.redenoticia.com.br\/noticia\/wp-json\/wp\/v2\/comments?post=10265"}],"version-history":[{"count":0,"href":"https:\/\/www.redenoticia.com.br\/noticia\/wp-json\/wp\/v2\/posts\/10265\/revisions"}],"wp:attachment":[{"href":"https:\/\/www.redenoticia.com.br\/noticia\/wp-json\/wp\/v2\/media?parent=10265"}],"wp:term":[{"taxonomy":"category","embeddable":true,"href":"https:\/\/www.redenoticia.com.br\/noticia\/wp-json\/wp\/v2\/categories?post=10265"},{"taxonomy":"post_tag","embeddable":true,"href":"https:\/\/www.redenoticia.com.br\/noticia\/wp-json\/wp\/v2\/tags?post=10265"}],"curies":[{"name":"wp","href":"https:\/\/api.w.org\/{rel}","templated":true}]}}