{"id":102631,"date":"2016-12-22T06:47:04","date_gmt":"2016-12-22T08:47:04","guid":{"rendered":"http:\/\/www.redenoticia.com.br\/noticia\/?p=102631"},"modified":"2016-12-21T13:48:01","modified_gmt":"2016-12-21T15:48:01","slug":"previa-da-inflacao-oficial-fecha-o-ano-em-658-diz-ibge","status":"publish","type":"post","link":"https:\/\/www.redenoticia.com.br\/noticia\/2016\/previa-da-inflacao-oficial-fecha-o-ano-em-658-diz-ibge\/102631","title":{"rendered":"Pr\u00e9via da infla\u00e7\u00e3o oficial fecha o ano em 6,58%, diz IBGE"},"content":{"rendered":"<p> A pr\u00e9via da <strong><em>infla\u00e7\u00e3o<\/em><\/strong> oficial, medida pelo \u00cdndice Nacional de Pre\u00e7os ao Consumidor Amplo \u2013 15 (IPCA-15), fechou o ano com taxa de 6,58%. A taxa, divulgada pelo Instituto Brasileiro de Geografia e Estat\u00edstica (IBGE), \u00e9 inferior \u00e0 observada pelo IPCA-15 do ano passado (10,71%) e est\u00e1 pr\u00f3xima do teto da meta de infla\u00e7\u00e3o do governo federal, que \u00e9 6,5%.<\/p>\n<p> Considerando-se apenas o m\u00eas de dezembro, o IPCA-15 ficou em 0,19%, abaixo do 0,26% de novembro e do 1,18% de dezembro do ano passado. Esta \u00e9 a menor taxa do IPCA-15 para meses de dezembro desde 1998.<\/p>\n<p>Os alimentos e bebidas continuaram registrando defla\u00e7\u00e3o (queda de pre\u00e7os) em dezembro: -0,18%. No trimestre encerrado em dezembro, esse grupo de despesas acumulou uma defla\u00e7\u00e3o de 0,49%. Ainda assim, no acumulado de 2016, os alimentos e bebidas registraram uma alta de pre\u00e7os de 9,15%, de acordo com a pr\u00e9via da infla\u00e7\u00e3o oficial. <\/p>\n<p>De acordo com a pr\u00e9via da infla\u00e7\u00e3o oficial, a maior alta de pre\u00e7os em 2016 foi observada no grupo de sa\u00fade e cuidados pessoais, que teve infla\u00e7\u00e3o de 11,16%. Outros grupos com taxa acima da m\u00e9dia do IPCA-15 foram educa\u00e7\u00e3o (8,96%) e despesas pessoais (7,93%).<\/p>\n<p>Os demais grupos de despesa tiveram as seguintes taxas acumuladas no ano: habita\u00e7\u00e3o (3,38%), artigos de resid\u00eancia (3,78%), vestu\u00e1rio (3,94%), transportes (4,31%) e comunica\u00e7\u00e3o (1,33%).<\/p>\n<p>O IPCA-15 \u00e9 calculado com base em pre\u00e7os coletados entre os dias 15 do m\u00eas anterior e 15 do m\u00eas de refer\u00eancia.<\/p>\n<p>Vitor Abdala &#8211; Rep\u00f3rter da Ag\u00eancia Brasil<br \/>\nEdi\u00e7\u00e3o: Val\u00e9ria Aguiar<br \/>\n22\/12\/2016<\/p>\n","protected":false},"excerpt":{"rendered":"<p>A pr\u00e9via da infla\u00e7\u00e3o oficial, medida pelo \u00cdndice Nacional de Pre\u00e7os ao Consumidor Amplo \u2013 15 (IPCA-15), fechou o ano com taxa de 6,58%. A taxa, divulgada pelo Instituto Brasileiro de Geografia e Estat\u00edstica (IBGE), \u00e9 inferior \u00e0 observada pelo IPCA-15 do ano passado (10,71%) e est\u00e1 pr\u00f3xima do teto da meta de infla\u00e7\u00e3o do [&hellip;]<\/p>\n","protected":false},"author":2,"featured_media":57584,"comment_status":"open","ping_status":"closed","sticky":false,"template":"","format":"standard","meta":{"_genesis_hide_title":false,"_genesis_hide_breadcrumbs":false,"_genesis_hide_singular_image":false,"_genesis_hide_footer_widgets":false,"_genesis_custom_body_class":"","_genesis_custom_post_class":"","_genesis_layout":"","_jetpack_memberships_contains_paid_content":false,"footnotes":""},"categories":[22,7],"tags":[],"class_list":{"0":"post-102631","1":"post","2":"type-post","3":"status-publish","4":"format-standard","5":"has-post-thumbnail","7":"category-brasil","8":"category-economia","9":"entry","10":"gs-1","11":"gs-odd","12":"gs-even","13":"gs-featured-content-entry"},"jetpack_featured_media_url":"https:\/\/www.redenoticia.com.br\/noticia\/imagens\/economia-grafica-analise-inflacao.jpg","jetpack_sharing_enabled":true,"jetpack_likes_enabled":true,"_links":{"self":[{"href":"https:\/\/www.redenoticia.com.br\/noticia\/wp-json\/wp\/v2\/posts\/102631","targetHints":{"allow":["GET"]}}],"collection":[{"href":"https:\/\/www.redenoticia.com.br\/noticia\/wp-json\/wp\/v2\/posts"}],"about":[{"href":"https:\/\/www.redenoticia.com.br\/noticia\/wp-json\/wp\/v2\/types\/post"}],"author":[{"embeddable":true,"href":"https:\/\/www.redenoticia.com.br\/noticia\/wp-json\/wp\/v2\/users\/2"}],"replies":[{"embeddable":true,"href":"https:\/\/www.redenoticia.com.br\/noticia\/wp-json\/wp\/v2\/comments?post=102631"}],"version-history":[{"count":0,"href":"https:\/\/www.redenoticia.com.br\/noticia\/wp-json\/wp\/v2\/posts\/102631\/revisions"}],"wp:featuredmedia":[{"embeddable":true,"href":"https:\/\/www.redenoticia.com.br\/noticia\/wp-json\/wp\/v2\/media\/57584"}],"wp:attachment":[{"href":"https:\/\/www.redenoticia.com.br\/noticia\/wp-json\/wp\/v2\/media?parent=102631"}],"wp:term":[{"taxonomy":"category","embeddable":true,"href":"https:\/\/www.redenoticia.com.br\/noticia\/wp-json\/wp\/v2\/categories?post=102631"},{"taxonomy":"post_tag","embeddable":true,"href":"https:\/\/www.redenoticia.com.br\/noticia\/wp-json\/wp\/v2\/tags?post=102631"}],"curies":[{"name":"wp","href":"https:\/\/api.w.org\/{rel}","templated":true}]}}