{"id":102628,"date":"2016-12-22T06:46:14","date_gmt":"2016-12-22T08:46:14","guid":{"rendered":"http:\/\/www.redenoticia.com.br\/noticia\/?p=102628"},"modified":"2016-12-21T13:47:02","modified_gmt":"2016-12-21T15:47:02","slug":"indice-de-confianca-da-industria-cai-29-pontos-na-previa-de-dezembro-diz-fgv","status":"publish","type":"post","link":"https:\/\/www.redenoticia.com.br\/noticia\/2016\/indice-de-confianca-da-industria-cai-29-pontos-na-previa-de-dezembro-diz-fgv\/102628","title":{"rendered":"\u00cdndice de Confian\u00e7a da Ind\u00fastria cai 2,9 pontos na pr\u00e9via de dezembro, diz FGV"},"content":{"rendered":"<p> O <strong><em>\u00cdndice de Confian\u00e7a da Ind\u00fastria<\/em><\/strong> caiu 2,9 pontos na pr\u00e9via de dezembro deste ano, na compara\u00e7\u00e3o com o resultado consolidado de novembro. Com a queda, o indicador chegou a 84,1 pontos, o menor patamar desde junho deste ano, segundo a Funda\u00e7\u00e3o Getulio Vargas (FGV).<\/p>\n<p>A confian\u00e7a dos empres\u00e1rios da ind\u00fastria no momento atual, medida pelo \u00cdndice da Situa\u00e7\u00e3o Atual, recuou 3,7 pontos e atingiu 81,4 pontos. J\u00e1 a expectativa em rela\u00e7\u00e3o ao futuro, medida pelo \u00cdndice de Expectativas, caiu 1,9 ponto, chegando a 87 pontos.<\/p>\n<p>O N\u00edvel de Utiliza\u00e7\u00e3o da Capacidade Instalada da Ind\u00fastria recuou 1,2 ponto percentual na pr\u00e9via de dezembro, representando 72,8%, o m\u00ednimo hist\u00f3rico da s\u00e9rie. Para a pr\u00e9via de dezembro de 2016 foram consultadas 783 empresas entre os dias 01 e 16 deste m\u00eas.<\/p>\n<p>Vitor Abdala &#8211; Rep\u00f3rter da Ag\u00eancia Brasil<br \/>\nEdi\u00e7\u00e3o: Val\u00e9ria Aguiar<br \/>\n22\/12\/2016<\/p>\n","protected":false},"excerpt":{"rendered":"<p>O \u00cdndice de Confian\u00e7a da Ind\u00fastria caiu 2,9 pontos na pr\u00e9via de dezembro deste ano, na compara\u00e7\u00e3o com o resultado consolidado de novembro. Com a queda, o indicador chegou a 84,1 pontos, o menor patamar desde junho deste ano, segundo a Funda\u00e7\u00e3o Getulio Vargas (FGV). A confian\u00e7a dos empres\u00e1rios da ind\u00fastria no momento atual, medida [&hellip;]<\/p>\n","protected":false},"author":2,"featured_media":57585,"comment_status":"open","ping_status":"closed","sticky":false,"template":"","format":"standard","meta":{"_genesis_hide_title":false,"_genesis_hide_breadcrumbs":false,"_genesis_hide_singular_image":false,"_genesis_hide_footer_widgets":false,"_genesis_custom_body_class":"","_genesis_custom_post_class":"","_genesis_layout":"","_jetpack_memberships_contains_paid_content":false,"footnotes":""},"categories":[22,7],"tags":[],"class_list":{"0":"post-102628","1":"post","2":"type-post","3":"status-publish","4":"format-standard","5":"has-post-thumbnail","7":"category-brasil","8":"category-economia","9":"entry","10":"gs-1","11":"gs-odd","12":"gs-even","13":"gs-featured-content-entry"},"jetpack_featured_media_url":"https:\/\/www.redenoticia.com.br\/noticia\/imagens\/analise-economia.jpg","jetpack_sharing_enabled":true,"jetpack_likes_enabled":true,"_links":{"self":[{"href":"https:\/\/www.redenoticia.com.br\/noticia\/wp-json\/wp\/v2\/posts\/102628","targetHints":{"allow":["GET"]}}],"collection":[{"href":"https:\/\/www.redenoticia.com.br\/noticia\/wp-json\/wp\/v2\/posts"}],"about":[{"href":"https:\/\/www.redenoticia.com.br\/noticia\/wp-json\/wp\/v2\/types\/post"}],"author":[{"embeddable":true,"href":"https:\/\/www.redenoticia.com.br\/noticia\/wp-json\/wp\/v2\/users\/2"}],"replies":[{"embeddable":true,"href":"https:\/\/www.redenoticia.com.br\/noticia\/wp-json\/wp\/v2\/comments?post=102628"}],"version-history":[{"count":0,"href":"https:\/\/www.redenoticia.com.br\/noticia\/wp-json\/wp\/v2\/posts\/102628\/revisions"}],"wp:featuredmedia":[{"embeddable":true,"href":"https:\/\/www.redenoticia.com.br\/noticia\/wp-json\/wp\/v2\/media\/57585"}],"wp:attachment":[{"href":"https:\/\/www.redenoticia.com.br\/noticia\/wp-json\/wp\/v2\/media?parent=102628"}],"wp:term":[{"taxonomy":"category","embeddable":true,"href":"https:\/\/www.redenoticia.com.br\/noticia\/wp-json\/wp\/v2\/categories?post=102628"},{"taxonomy":"post_tag","embeddable":true,"href":"https:\/\/www.redenoticia.com.br\/noticia\/wp-json\/wp\/v2\/tags?post=102628"}],"curies":[{"name":"wp","href":"https:\/\/api.w.org\/{rel}","templated":true}]}}