{"id":102622,"date":"2016-12-22T06:44:18","date_gmt":"2016-12-22T08:44:18","guid":{"rendered":"http:\/\/www.redenoticia.com.br\/noticia\/?p=102622"},"modified":"2016-12-21T13:45:17","modified_gmt":"2016-12-21T15:45:17","slug":"compras-de-natal-e-ano-novo-ipem-sp-alerta-sobre-produtos-sazonais","status":"publish","type":"post","link":"https:\/\/www.redenoticia.com.br\/noticia\/2016\/compras-de-natal-e-ano-novo-ipem-sp-alerta-sobre-produtos-sazonais\/102622","title":{"rendered":"Compras de Natal e Ano Novo: IPEM-SP alerta sobre produtos sazonais"},"content":{"rendered":"<p> Para garantir a melhor compra dos produtos sazonais de <strong><em>Natal e Ano Novo<\/em><\/strong>, o consumidor deve estar bastante atento. O que alerta o IPEM-SP (Instituto de Pesos e Medidas). \u00c9 preciso verificar sempre a indica\u00e7\u00e3o de peso\/volume de produtos como panetones, vinhos, espumantes, chester, peru, tender, presunto, pernil, pescados e carnes em geral, cereais e p\u00e3es, frutas\u00a0in natura\u00a0ou secas e lentilha.<\/p>\n<p>Os itens considerados pr\u00e9-medidos (pesados sem a presen\u00e7a do consumidor) devem obrigatoriamente conter informa\u00e7\u00e3o de peso\/volume. O consumidor tamb\u00e9m pode utilizar as balan\u00e7as disponibilizadas pelos supermercados para realizar a confer\u00eancia. Se o valor for menor ou igual que o conte\u00fado nominal descrito na embalagem, o consumidor est\u00e1 levando menor quantidade de produto que aquela pela qual est\u00e1 pagando, pois o peso da embalagem deve ser descontado.<\/p>\n<p>No caso dos brinquedos, por exemplo, dois aspectos s\u00e3o de fundamental import\u00e2ncia para garantir que a divers\u00e3o aconte\u00e7a com seguran\u00e7a: a presen\u00e7a de classifica\u00e7\u00e3o et\u00e1ria indicativa e o selo do Inmetro. Se estas informa\u00e7\u00f5es obrigat\u00f3rias n\u00e3o estiverem na embalagem, o melhor a fazer \u00e9 n\u00e3o adquirir o produto.<\/p>\n<p>Outros produtos bem consumidos nesta \u00e9poca do ano, os pisca-piscas e as mangueiras\u00a0para ilumina\u00e7\u00e3o de \u00e1reas externas, precisam apresentar plug no padr\u00e3o brasileiro (sextavado). Al\u00e9m disso, devem trazer indica\u00e7\u00e3o de voltagem e amperagem, para que possam ser instalados de maneira adequada, garantindo a seguran\u00e7a das fam\u00edlias.<\/p>\n<p>O IPEM-SP intensifica a fiscaliza\u00e7\u00e3o nesse per\u00edodo com o objetivo de garantir que os consumidores adquiram produtos de acordo com as normas nacionais. O consumidor que tiver d\u00favidas, desconfiar ou encontrar irregularidades pode recorrer ao servi\u00e7o de ouvidoria pelo telefone\u00a0<span class=\"skypec2cprintcontainer\">0800-013-0522<\/span>, de segunda a sexta, das 8h \u00e0s 17h, ou enviar um e-mail para\u00a0ouvidoria@ipem.sp.gov.br.<\/p>\n<p>Do Portal do Governo do Estado SP<\/p>\n","protected":false},"excerpt":{"rendered":"<p>Para garantir a melhor compra dos produtos sazonais de Natal e Ano Novo, o consumidor deve estar bastante atento. O que alerta o IPEM-SP (Instituto de Pesos e Medidas). \u00c9 preciso verificar sempre a indica\u00e7\u00e3o de peso\/volume de produtos como panetones, vinhos, espumantes, chester, peru, tender, presunto, pernil, pescados e carnes em geral, cereais e [&hellip;]<\/p>\n","protected":false},"author":2,"featured_media":34966,"comment_status":"open","ping_status":"closed","sticky":false,"template":"","format":"standard","meta":{"_genesis_hide_title":false,"_genesis_hide_breadcrumbs":false,"_genesis_hide_singular_image":false,"_genesis_hide_footer_widgets":false,"_genesis_custom_body_class":"","_genesis_custom_post_class":"","_genesis_layout":"","_jetpack_memberships_contains_paid_content":false,"footnotes":""},"categories":[22,7],"tags":[],"class_list":{"0":"post-102622","1":"post","2":"type-post","3":"status-publish","4":"format-standard","5":"has-post-thumbnail","7":"category-brasil","8":"category-economia","9":"entry","10":"gs-1","11":"gs-odd","12":"gs-even","13":"gs-featured-content-entry"},"jetpack_featured_media_url":"https:\/\/www.redenoticia.com.br\/noticia\/imagens\/fim-da-sacola-plastica.jpg","jetpack_sharing_enabled":true,"jetpack_likes_enabled":true,"_links":{"self":[{"href":"https:\/\/www.redenoticia.com.br\/noticia\/wp-json\/wp\/v2\/posts\/102622","targetHints":{"allow":["GET"]}}],"collection":[{"href":"https:\/\/www.redenoticia.com.br\/noticia\/wp-json\/wp\/v2\/posts"}],"about":[{"href":"https:\/\/www.redenoticia.com.br\/noticia\/wp-json\/wp\/v2\/types\/post"}],"author":[{"embeddable":true,"href":"https:\/\/www.redenoticia.com.br\/noticia\/wp-json\/wp\/v2\/users\/2"}],"replies":[{"embeddable":true,"href":"https:\/\/www.redenoticia.com.br\/noticia\/wp-json\/wp\/v2\/comments?post=102622"}],"version-history":[{"count":0,"href":"https:\/\/www.redenoticia.com.br\/noticia\/wp-json\/wp\/v2\/posts\/102622\/revisions"}],"wp:featuredmedia":[{"embeddable":true,"href":"https:\/\/www.redenoticia.com.br\/noticia\/wp-json\/wp\/v2\/media\/34966"}],"wp:attachment":[{"href":"https:\/\/www.redenoticia.com.br\/noticia\/wp-json\/wp\/v2\/media?parent=102622"}],"wp:term":[{"taxonomy":"category","embeddable":true,"href":"https:\/\/www.redenoticia.com.br\/noticia\/wp-json\/wp\/v2\/categories?post=102622"},{"taxonomy":"post_tag","embeddable":true,"href":"https:\/\/www.redenoticia.com.br\/noticia\/wp-json\/wp\/v2\/tags?post=102622"}],"curies":[{"name":"wp","href":"https:\/\/api.w.org\/{rel}","templated":true}]}}