{"id":102619,"date":"2016-12-22T06:41:56","date_gmt":"2016-12-22T08:41:56","guid":{"rendered":"http:\/\/www.redenoticia.com.br\/noticia\/?p=102619"},"modified":"2016-12-21T13:44:24","modified_gmt":"2016-12-21T15:44:24","slug":"arquivo-publico-sp-te-ensina-como-conservar-livros-e-documentos","status":"publish","type":"post","link":"https:\/\/www.redenoticia.com.br\/noticia\/2016\/arquivo-publico-sp-te-ensina-como-conservar-livros-e-documentos\/102619","title":{"rendered":"Arquivo P\u00fablico SP te ensina como conservar livros e documentos"},"content":{"rendered":"<p> Para impedir a <strong><em>deteriora\u00e7\u00e3o de livros e documentos<\/em><\/strong>, o Arquivo P\u00fablico do Estado de S\u00e3o Paulo listou uma s\u00e9rie de cuidados que devem ser tomados para permitir uma longa vida ao seu acervo particular.<\/p>\n<p>Dentre os indicativos de preserva\u00e7\u00e3o, \u00e9 recomendado evitar contato direto da luminosidade, sendo prefer\u00edvel acondicionar o documento em caixas ou pastas. A umidade relativa ideal do ar deve ficar entre 50% e 55%, e a temperatura em 20\u00baC. Na impossibilidade da climatiza\u00e7\u00e3o do acervo, aplicar medidas alternativas, como instala\u00e7\u00e3o de ventiladores ou ventila\u00e7\u00e3o cruzada (com duas janelas e uma porta, por exemplo) durante um per\u00edodo do dia.<\/p>\n<p>\u00c9 sempre bom lembrar tamb\u00e9m que o manuseio de qualquer papel ou livro n\u00e3o pode ser feito com m\u00e3os sujas ou com cremes. Comer, beber, ou armazenar alimentos pr\u00f3ximo aos documentos tamb\u00e9m n\u00e3o s\u00e3o atividades indicadas.<\/p>\n<p>A parede pode transmitir umidades aos livros, ent\u00e3o se recomenda deixar sempre um espa\u00e7o entre estantes e parede. Arm\u00e1rios e estantes devem ser arejados, sendo periodicamente abertos. Em estantes de madeira, pense em revestir as prateleiras com vidro e n\u00e3o use tintas \u00e0 base de \u00f3leo.<\/p>\n<p>Para mais dicas acesse o\u00a0\u00a0do Arquivo P\u00fablico do Estado de S\u00e3o Paulo.<\/p>\n<p>Do Portal do Governo do Estado SP<\/p>\n","protected":false},"excerpt":{"rendered":"<p>Para impedir a deteriora\u00e7\u00e3o de livros e documentos, o Arquivo P\u00fablico do Estado de S\u00e3o Paulo listou uma s\u00e9rie de cuidados que devem ser tomados para permitir uma longa vida ao seu acervo particular. Dentre os indicativos de preserva\u00e7\u00e3o, \u00e9 recomendado evitar contato direto da luminosidade, sendo prefer\u00edvel acondicionar o documento em caixas ou pastas. [&hellip;]<\/p>\n","protected":false},"author":2,"featured_media":57581,"comment_status":"open","ping_status":"closed","sticky":false,"template":"","format":"standard","meta":{"_genesis_hide_title":false,"_genesis_hide_breadcrumbs":false,"_genesis_hide_singular_image":false,"_genesis_hide_footer_widgets":false,"_genesis_custom_body_class":"","_genesis_custom_post_class":"","_genesis_layout":"","_jetpack_memberships_contains_paid_content":false,"footnotes":""},"categories":[22],"tags":[],"class_list":{"0":"post-102619","1":"post","2":"type-post","3":"status-publish","4":"format-standard","5":"has-post-thumbnail","7":"category-brasil","8":"entry","9":"gs-1","10":"gs-odd","11":"gs-even","12":"gs-featured-content-entry"},"jetpack_featured_media_url":"https:\/\/www.redenoticia.com.br\/noticia\/imagens\/livros-biblioteca.jpg","jetpack_sharing_enabled":true,"jetpack_likes_enabled":true,"_links":{"self":[{"href":"https:\/\/www.redenoticia.com.br\/noticia\/wp-json\/wp\/v2\/posts\/102619","targetHints":{"allow":["GET"]}}],"collection":[{"href":"https:\/\/www.redenoticia.com.br\/noticia\/wp-json\/wp\/v2\/posts"}],"about":[{"href":"https:\/\/www.redenoticia.com.br\/noticia\/wp-json\/wp\/v2\/types\/post"}],"author":[{"embeddable":true,"href":"https:\/\/www.redenoticia.com.br\/noticia\/wp-json\/wp\/v2\/users\/2"}],"replies":[{"embeddable":true,"href":"https:\/\/www.redenoticia.com.br\/noticia\/wp-json\/wp\/v2\/comments?post=102619"}],"version-history":[{"count":0,"href":"https:\/\/www.redenoticia.com.br\/noticia\/wp-json\/wp\/v2\/posts\/102619\/revisions"}],"wp:featuredmedia":[{"embeddable":true,"href":"https:\/\/www.redenoticia.com.br\/noticia\/wp-json\/wp\/v2\/media\/57581"}],"wp:attachment":[{"href":"https:\/\/www.redenoticia.com.br\/noticia\/wp-json\/wp\/v2\/media?parent=102619"}],"wp:term":[{"taxonomy":"category","embeddable":true,"href":"https:\/\/www.redenoticia.com.br\/noticia\/wp-json\/wp\/v2\/categories?post=102619"},{"taxonomy":"post_tag","embeddable":true,"href":"https:\/\/www.redenoticia.com.br\/noticia\/wp-json\/wp\/v2\/tags?post=102619"}],"curies":[{"name":"wp","href":"https:\/\/api.w.org\/{rel}","templated":true}]}}