{"id":102562,"date":"2016-12-21T06:48:44","date_gmt":"2016-12-21T08:48:44","guid":{"rendered":"http:\/\/www.redenoticia.com.br\/noticia\/?p=102562"},"modified":"2016-12-20T20:49:50","modified_gmt":"2016-12-20T22:49:50","slug":"banco-central-revisa-para-baixo-projecao-de-superavit-comercial-em-2016","status":"publish","type":"post","link":"https:\/\/www.redenoticia.com.br\/noticia\/2016\/banco-central-revisa-para-baixo-projecao-de-superavit-comercial-em-2016\/102562","title":{"rendered":"Banco Central revisa para baixo proje\u00e7\u00e3o de super\u00e1vit comercial em 2016"},"content":{"rendered":"<p> O Banco Central (BC) revisou para baixo a proje\u00e7\u00e3o de <strong><em>super\u00e1vit comercial<\/em><\/strong> em 2016. Segundo n\u00fameros divulgados pelo \u00f3rg\u00e3o, a balan\u00e7a comercial \u2013 diferen\u00e7a entre exporta\u00e7\u00f5es e importa\u00e7\u00f5es \u2013 dever\u00e1 encerrar o ano com super\u00e1vit de US$ 44,5 bilh\u00f5es, abaixo da estimativa de US$ 49 bilh\u00f5es divulgada em setembro.<\/p>\n<p>A queda decorre principalmente da queda das exporta\u00e7\u00f5es, que devem fechar o ano em US$ 184 bilh\u00f5es, contra estimativa anterior de US$ 190 bilh\u00f5es. O valor das importa\u00e7\u00f5es tamb\u00e9m foi revisto, de US$ 141 bilh\u00f5es para US$ 139,5 bilh\u00f5es.<\/p>\n<p> De acordo com o chefe do Departamento Econ\u00f4mico do Banco Central, Tulio Maciel, a valoriza\u00e7\u00e3o do d\u00f3lar ao longo do ano e a demora para a economia se recuperar explicam a queda, tanto nas compras como nas vendas para o exterior. \u201cO c\u00e2mbio entra nessas proje\u00e7\u00f5es. Tamb\u00e9m tem a quest\u00e3o da atividade econ\u00f4mica. O ritmo de crescimento das exporta\u00e7\u00f5es mostrou arrefecimento, o que fez o Banco Central rever as proje\u00e7\u00f5es\u201d, declarou.<\/p>\n<p>Caso as previs\u00f5es do Banco Central se concretizem, o pa\u00eds poder\u00e1 ter d\u00e9ficit comercial nas duas \u00faltimas semanas do ano. At\u00e9 o dia 16, a balan\u00e7a comercial acumula saldo positivo de US$ 45,005 bilh\u00f5es no ano.<\/p>\n<p>A revis\u00e3o da balan\u00e7a comercial, informou Maciel, foi o principal fator que fez o Banco Central aumentar a previs\u00e3o de super\u00e1vit da conta de transa\u00e7\u00f5es correntes de US$ 18 bilh\u00f5es para US$ 22 bilh\u00f5es em 2016. Al\u00e9m da queda das exporta\u00e7\u00f5es e das importa\u00e7\u00f5es, o Banco Central alterou a previs\u00e3o da conta de viagens internacionais, de d\u00e9ficit de US$ 7,5 bilh\u00f5es para US$ 8,5 bilh\u00f5es neste ano. A conta representa a diferen\u00e7a entre o que os brasileiros gastam no exterior e o que os turistas estrangeiros gastam no Brasil.<\/p>\n<p>Nos 11 primeiros meses do ano, os gastos de turistas brasileiros no exterior somaram US$ 13,105 bilh\u00f5es, queda de 18,7% em rela\u00e7\u00e3o aos US$ 16,112 bilh\u00f5es registrados no mesmo per\u00edodo de 2015. No entanto, segundo Tulio Maciel, os turistas est\u00e3o aos poucos voltando a gastar mais por causa da recupera\u00e7\u00e3o da confian\u00e7a na economia, o que levou o \u00f3rg\u00e3o a rever a proje\u00e7\u00e3o.<\/p>\n<p>\u201cPrincipalmente a partir do segundo semestre, \u00e9 poss\u00edvel notar uma mudan\u00e7a de comportamento nas viagens de brasileiros ao exterior. Os indicadores de confian\u00e7a explicam essa mudan\u00e7a, principalmente com a confian\u00e7a dos consumidores come\u00e7ando a reagir\u201d, justificou Maciel.<\/p>\n<p>O saldo em transa\u00e7\u00f5es correntes \u00e9 formado pela soma dos saldos da balan\u00e7a comercial e das balan\u00e7as de servi\u00e7os (exporta\u00e7\u00f5es menos importa\u00e7\u00f5es de servi\u00e7os), de renda (conta que engloba pagamento de juros e remessas de lucros e dividendos para o exterior) e as transfer\u00eancias unilaterais (doa\u00e7\u00f5es de brasileiros que vivem no exterior ou de organiza\u00e7\u00f5es estrangeiras para o Brasil). O indicador mede a vulnerabilidade do pa\u00eds a crises externas. Quanto menor o d\u00e9ficit, mais s\u00f3lida \u00e9 a situa\u00e7\u00e3o do pa\u00eds.<\/p>\n<p>Caso o resultado das transa\u00e7\u00f5es correntes fique negativo, o pa\u00eds passa a depender do mercado financeiro e dos investimentos estrangeiros diretos (investimentos internacionais que geram emprego no pa\u00eds) para ter resultados positivos no balan\u00e7o de pagamentos que segurem a desvaloriza\u00e7\u00e3o do real e acumular reservas internacionais, que servem como seguro do pa\u00eds contra a d\u00edvida externa.<\/p>\n<p>Os investimentos estrangeiros diretos, investimentos internacionais que geram emprego no pa\u00eds, acumulam US$ 63,657 bilh\u00f5es nos 11 primeiros meses do ano. O Banco Central manteve a estimativa de que esses investimentos encerrar\u00e3o o ano em US$ 70 bilh\u00f5es. \u201cOs investimentos diretos t\u00eam mostrado resili\u00eancia em rela\u00e7\u00e3o \u00e0 conjuntura. O Brasil tem um mercado consumidor de 200 milh\u00f5es de habitantes e os investidores estrangeiros olham para um horizonte mais amplo, de 10 a 20 anos de atividade econ\u00f4mica\u201d, declarou.<\/p>\n<p>O Banco Central tamb\u00e9m divulgou as proje\u00e7\u00f5es para as contas externas em 2017. No pr\u00f3ximo ano, o pa\u00eds registrar\u00e1 d\u00e9ficit de US$ 28 bilh\u00f5es nas transa\u00e7\u00f5es correntes, super\u00e1vit de US$ 44 bilh\u00f5es na balan\u00e7a comercial (decorrente da diferen\u00e7a entre US$ 195 bilh\u00f5es para as exporta\u00e7\u00f5es e US$ 151 bilh\u00f5es nas importa\u00e7\u00f5es). A conta de viagens internacionais dever\u00e1 ficar negativa em US$ 10,5 bilh\u00f5es; e os investimentos estrangeiros diretos, em US$ 75 bilh\u00f5es, semelhante ao n\u00edvel registrado em 2015.<\/p>\n<p>Wellton M\u00e1ximo \u2013 Rep\u00f3rter da Ag\u00eancia Brasil<br \/>\nEdi\u00e7\u00e3o: F\u00e1bio Massalli<br \/>\n21\/12\/2016<\/p>\n","protected":false},"excerpt":{"rendered":"<p>O Banco Central (BC) revisou para baixo a proje\u00e7\u00e3o de super\u00e1vit comercial em 2016. Segundo n\u00fameros divulgados pelo \u00f3rg\u00e3o, a balan\u00e7a comercial \u2013 diferen\u00e7a entre exporta\u00e7\u00f5es e importa\u00e7\u00f5es \u2013 dever\u00e1 encerrar o ano com super\u00e1vit de US$ 44,5 bilh\u00f5es, abaixo da estimativa de US$ 49 bilh\u00f5es divulgada em setembro. A queda decorre principalmente da queda [&hellip;]<\/p>\n","protected":false},"author":2,"featured_media":57583,"comment_status":"open","ping_status":"closed","sticky":false,"template":"","format":"standard","meta":{"_genesis_hide_title":false,"_genesis_hide_breadcrumbs":false,"_genesis_hide_singular_image":false,"_genesis_hide_footer_widgets":false,"_genesis_custom_body_class":"","_genesis_custom_post_class":"","_genesis_layout":"","_jetpack_memberships_contains_paid_content":false,"footnotes":""},"categories":[22,7],"tags":[],"class_list":{"0":"post-102562","1":"post","2":"type-post","3":"status-publish","4":"format-standard","5":"has-post-thumbnail","7":"category-brasil","8":"category-economia","9":"entry","10":"gs-1","11":"gs-odd","12":"gs-even","13":"gs-featured-content-entry"},"jetpack_featured_media_url":"https:\/\/www.redenoticia.com.br\/noticia\/imagens\/economia-grafico.jpg","jetpack_sharing_enabled":true,"jetpack_likes_enabled":true,"_links":{"self":[{"href":"https:\/\/www.redenoticia.com.br\/noticia\/wp-json\/wp\/v2\/posts\/102562","targetHints":{"allow":["GET"]}}],"collection":[{"href":"https:\/\/www.redenoticia.com.br\/noticia\/wp-json\/wp\/v2\/posts"}],"about":[{"href":"https:\/\/www.redenoticia.com.br\/noticia\/wp-json\/wp\/v2\/types\/post"}],"author":[{"embeddable":true,"href":"https:\/\/www.redenoticia.com.br\/noticia\/wp-json\/wp\/v2\/users\/2"}],"replies":[{"embeddable":true,"href":"https:\/\/www.redenoticia.com.br\/noticia\/wp-json\/wp\/v2\/comments?post=102562"}],"version-history":[{"count":0,"href":"https:\/\/www.redenoticia.com.br\/noticia\/wp-json\/wp\/v2\/posts\/102562\/revisions"}],"wp:featuredmedia":[{"embeddable":true,"href":"https:\/\/www.redenoticia.com.br\/noticia\/wp-json\/wp\/v2\/media\/57583"}],"wp:attachment":[{"href":"https:\/\/www.redenoticia.com.br\/noticia\/wp-json\/wp\/v2\/media?parent=102562"}],"wp:term":[{"taxonomy":"category","embeddable":true,"href":"https:\/\/www.redenoticia.com.br\/noticia\/wp-json\/wp\/v2\/categories?post=102562"},{"taxonomy":"post_tag","embeddable":true,"href":"https:\/\/www.redenoticia.com.br\/noticia\/wp-json\/wp\/v2\/tags?post=102562"}],"curies":[{"name":"wp","href":"https:\/\/api.w.org\/{rel}","templated":true}]}}