{"id":102560,"date":"2016-12-21T06:47:54","date_gmt":"2016-12-21T08:47:54","guid":{"rendered":"http:\/\/www.redenoticia.com.br\/noticia\/?p=102560"},"modified":"2016-12-20T20:48:39","modified_gmt":"2016-12-20T22:48:39","slug":"arrecadacao-cresce-e-chega-a-r-102245-bilhoes-em-novembro","status":"publish","type":"post","link":"https:\/\/www.redenoticia.com.br\/noticia\/2016\/arrecadacao-cresce-e-chega-a-r-102245-bilhoes-em-novembro\/102560","title":{"rendered":"Arrecada\u00e7\u00e3o cresce e chega a R$ 102,245 bilh\u00f5es em novembro"},"content":{"rendered":"<p> A <strong><em>arrecada\u00e7\u00e3o de impostos<\/em><\/strong> e contribui\u00e7\u00f5es federais chegou a R$ 102,245 bilh\u00f5es em novembro. Na compara\u00e7\u00e3o com novembro de 2015, houve um pequeno aumento real (descontada a infla\u00e7\u00e3o, medida pelo \u00cdndice Nacional de Pre\u00e7os ao Consumidor Amplo \u2013 IPCA) de 0,1%.<\/p>\n<p>No acumulado do ano, a arrecada\u00e7\u00e3o continua em queda. De janeiro a novembro, chegou a R$ 1,162 trilh\u00e3o, com queda real de 3,16% em rela\u00e7\u00e3o ao mesmo per\u00edodo de 2015. As informa\u00e7\u00f5es foram divulgadas pela Secretaria da Receita Federal.<\/p>\n<p>Novembro foi o segundo m\u00eas consecutivo de crescimento da arrecada\u00e7\u00e3o tribut\u00e1ria. Em outubro, o governo arrecadou R$ 148,7 bilh\u00f5es, o maior volume de recursos j\u00e1 registrado para o m\u00eas. O resultado foi impulsionado pelo programa de regulariza\u00e7\u00e3o de ativos, tamb\u00e9m conhecido como repatria\u00e7\u00e3o.<\/p>\n<p>O chefe do Centro de Estudos Tribut\u00e1rios e Aduaneiros da Receita Federal, Claudemir Malaquias, concede entrevista esta tarde sobre os dados da arrecada\u00e7\u00e3o de novembro.<\/p>\n<p>Mariana Branco &#8211; Rep\u00f3rter da Ag\u00eancia Brasil<br \/>\nEdi\u00e7\u00e3o: Maria Claudia<br \/>\n21\/12\/2016<\/p>\n","protected":false},"excerpt":{"rendered":"<p>A arrecada\u00e7\u00e3o de impostos e contribui\u00e7\u00f5es federais chegou a R$ 102,245 bilh\u00f5es em novembro. Na compara\u00e7\u00e3o com novembro de 2015, houve um pequeno aumento real (descontada a infla\u00e7\u00e3o, medida pelo \u00cdndice Nacional de Pre\u00e7os ao Consumidor Amplo \u2013 IPCA) de 0,1%. No acumulado do ano, a arrecada\u00e7\u00e3o continua em queda. De janeiro a novembro, chegou [&hellip;]<\/p>\n","protected":false},"author":2,"featured_media":57582,"comment_status":"open","ping_status":"closed","sticky":false,"template":"","format":"standard","meta":{"_genesis_hide_title":false,"_genesis_hide_breadcrumbs":false,"_genesis_hide_singular_image":false,"_genesis_hide_footer_widgets":false,"_genesis_custom_body_class":"","_genesis_custom_post_class":"","_genesis_layout":"","_jetpack_memberships_contains_paid_content":false,"footnotes":""},"categories":[22,7],"tags":[],"class_list":{"0":"post-102560","1":"post","2":"type-post","3":"status-publish","4":"format-standard","5":"has-post-thumbnail","7":"category-brasil","8":"category-economia","9":"entry","10":"gs-1","11":"gs-odd","12":"gs-even","13":"gs-featured-content-entry"},"jetpack_featured_media_url":"https:\/\/www.redenoticia.com.br\/noticia\/imagens\/grafico1.jpg","jetpack_sharing_enabled":true,"jetpack_likes_enabled":true,"_links":{"self":[{"href":"https:\/\/www.redenoticia.com.br\/noticia\/wp-json\/wp\/v2\/posts\/102560","targetHints":{"allow":["GET"]}}],"collection":[{"href":"https:\/\/www.redenoticia.com.br\/noticia\/wp-json\/wp\/v2\/posts"}],"about":[{"href":"https:\/\/www.redenoticia.com.br\/noticia\/wp-json\/wp\/v2\/types\/post"}],"author":[{"embeddable":true,"href":"https:\/\/www.redenoticia.com.br\/noticia\/wp-json\/wp\/v2\/users\/2"}],"replies":[{"embeddable":true,"href":"https:\/\/www.redenoticia.com.br\/noticia\/wp-json\/wp\/v2\/comments?post=102560"}],"version-history":[{"count":0,"href":"https:\/\/www.redenoticia.com.br\/noticia\/wp-json\/wp\/v2\/posts\/102560\/revisions"}],"wp:featuredmedia":[{"embeddable":true,"href":"https:\/\/www.redenoticia.com.br\/noticia\/wp-json\/wp\/v2\/media\/57582"}],"wp:attachment":[{"href":"https:\/\/www.redenoticia.com.br\/noticia\/wp-json\/wp\/v2\/media?parent=102560"}],"wp:term":[{"taxonomy":"category","embeddable":true,"href":"https:\/\/www.redenoticia.com.br\/noticia\/wp-json\/wp\/v2\/categories?post=102560"},{"taxonomy":"post_tag","embeddable":true,"href":"https:\/\/www.redenoticia.com.br\/noticia\/wp-json\/wp\/v2\/tags?post=102560"}],"curies":[{"name":"wp","href":"https:\/\/api.w.org\/{rel}","templated":true}]}}