{"id":102556,"date":"2016-12-21T06:45:55","date_gmt":"2016-12-21T08:45:55","guid":{"rendered":"http:\/\/www.redenoticia.com.br\/noticia\/?p=102556"},"modified":"2016-12-20T20:46:50","modified_gmt":"2016-12-20T22:46:50","slug":"conheca-o-guia-de-comercio-eletronico-do-procon-sp","status":"publish","type":"post","link":"https:\/\/www.redenoticia.com.br\/noticia\/2016\/conheca-o-guia-de-comercio-eletronico-do-procon-sp\/102556","title":{"rendered":"Conhe\u00e7a o Guia de Com\u00e9rcio Eletr\u00f4nico do Procon-SP"},"content":{"rendered":"<p> Para orientar o consumidor a ser mais consciente e aproveitar as facilidades das compras pela Internet, a Funda\u00e7\u00e3o Procon-SP conta com um\u00a0.<\/p>\n<p>O material elaborado pelos especialistas da Funda\u00e7\u00e3o conta com informa\u00e7\u00f5es sobre as lojas virtuais, esclarecimentos a respeito de outras formas de comercializa\u00e7\u00e3o, como sites de compras coletivas, clubes de compra, marketplace, etc.<\/p>\n<p>O consumidor encontra tamb\u00e9m esclarecimentos sobre ao que estar atento antes de comprar pela Internet, como, por exemplo, a import\u00e2ncia de identificar o fornecedor e de buscar refer\u00eancias sobre o estabelecimento, evitar as compras por impulso e observar a seguran\u00e7a eletr\u00f4nica.<\/p>\n<p>Al\u00e9m disso, tamb\u00e9m constam informa\u00e7\u00f5es sobre os direitos do consumidor que usa essas modalidades, a import\u00e2ncia da informa\u00e7\u00e3o, o direito ao prazo de arrependimento de sete dias, os tipos de garantias, entre outros temas.<\/p>\n<p>O guia ainda conta com uma\u00a0.<\/p>\n<p>Do Portal do Governo do Estado SP<\/p>\n","protected":false},"excerpt":{"rendered":"<p>Para orientar o consumidor a ser mais consciente e aproveitar as facilidades das compras pela Internet, a Funda\u00e7\u00e3o Procon-SP conta com um\u00a0. O material elaborado pelos especialistas da Funda\u00e7\u00e3o conta com informa\u00e7\u00f5es sobre as lojas virtuais, esclarecimentos a respeito de outras formas de comercializa\u00e7\u00e3o, como sites de compras coletivas, clubes de compra, marketplace, etc. O [&hellip;]<\/p>\n","protected":false},"author":2,"featured_media":37419,"comment_status":"open","ping_status":"closed","sticky":false,"template":"","format":"standard","meta":{"_genesis_hide_title":false,"_genesis_hide_breadcrumbs":false,"_genesis_hide_singular_image":false,"_genesis_hide_footer_widgets":false,"_genesis_custom_body_class":"","_genesis_custom_post_class":"","_genesis_layout":"","_jetpack_memberships_contains_paid_content":false,"footnotes":""},"categories":[22,7],"tags":[],"class_list":{"0":"post-102556","1":"post","2":"type-post","3":"status-publish","4":"format-standard","5":"has-post-thumbnail","7":"category-brasil","8":"category-economia","9":"entry","10":"gs-1","11":"gs-odd","12":"gs-even","13":"gs-featured-content-entry"},"jetpack_featured_media_url":"https:\/\/www.redenoticia.com.br\/noticia\/imagens\/computador-tecnologia.jpg","jetpack_sharing_enabled":true,"jetpack_likes_enabled":true,"_links":{"self":[{"href":"https:\/\/www.redenoticia.com.br\/noticia\/wp-json\/wp\/v2\/posts\/102556","targetHints":{"allow":["GET"]}}],"collection":[{"href":"https:\/\/www.redenoticia.com.br\/noticia\/wp-json\/wp\/v2\/posts"}],"about":[{"href":"https:\/\/www.redenoticia.com.br\/noticia\/wp-json\/wp\/v2\/types\/post"}],"author":[{"embeddable":true,"href":"https:\/\/www.redenoticia.com.br\/noticia\/wp-json\/wp\/v2\/users\/2"}],"replies":[{"embeddable":true,"href":"https:\/\/www.redenoticia.com.br\/noticia\/wp-json\/wp\/v2\/comments?post=102556"}],"version-history":[{"count":0,"href":"https:\/\/www.redenoticia.com.br\/noticia\/wp-json\/wp\/v2\/posts\/102556\/revisions"}],"wp:featuredmedia":[{"embeddable":true,"href":"https:\/\/www.redenoticia.com.br\/noticia\/wp-json\/wp\/v2\/media\/37419"}],"wp:attachment":[{"href":"https:\/\/www.redenoticia.com.br\/noticia\/wp-json\/wp\/v2\/media?parent=102556"}],"wp:term":[{"taxonomy":"category","embeddable":true,"href":"https:\/\/www.redenoticia.com.br\/noticia\/wp-json\/wp\/v2\/categories?post=102556"},{"taxonomy":"post_tag","embeddable":true,"href":"https:\/\/www.redenoticia.com.br\/noticia\/wp-json\/wp\/v2\/tags?post=102556"}],"curies":[{"name":"wp","href":"https:\/\/api.w.org\/{rel}","templated":true}]}}