{"id":102474,"date":"2016-12-20T07:32:32","date_gmt":"2016-12-20T09:32:32","guid":{"rendered":"http:\/\/www.redenoticia.com.br\/noticia\/?p=102474"},"modified":"2016-12-20T07:32:32","modified_gmt":"2016-12-20T09:32:32","slug":"ipea-diz-que-jovens-entre-14-e-24-anos-sao-os-mais-atingidos-pelo-desemprego","status":"publish","type":"post","link":"https:\/\/www.redenoticia.com.br\/noticia\/2016\/ipea-diz-que-jovens-entre-14-e-24-anos-sao-os-mais-atingidos-pelo-desemprego\/102474","title":{"rendered":"Ipea diz que jovens entre 14 e 24 anos s\u00e3o os mais atingidos pelo desemprego"},"content":{"rendered":"<p> Jovens entre 14 e 24 anos s\u00e3o os mais atingidos pelo <strong><em>desemprego<\/em><\/strong>, segundo texto da Carta de Conjuntura n\u00ba 33, divulgada pelo Instituto de Pesquisa Econ\u00f4mica Aplicada (Ipea). Enquanto a taxa total de desemprego alcan\u00e7ou 11,8% no terceiro trimestre deste ano, entre os jovens dessa faixa et\u00e1ria chegou a 27,7%. O desemprego tamb\u00e9m afeta mais os trabalhadores com ensino m\u00e9dio incompleto (taxa de 21,4%).<\/p>\n<p>O Ipea diz ainda que, at\u00e9 meados de 2016, o aumento do desemprego, apesar de ter sido substancial, foi atenuado devido ao fato de muitas pessoas que perderam emprego terem se tornado trabalhadoras por conta pr\u00f3pria. Contudo essa tend\u00eancia se reverteu no terceiro trimestre de 2016, quando se observou uma queda dos ocupados por conta pr\u00f3pria, acrescentou o Ipea.<\/p>\n<p>Rendimento<\/p>\n<p>Segundo o Ipea, o terceiro trimestre de 2016 n\u00e3o apresentou melhoras na evolu\u00e7\u00e3o do rendimento m\u00e9dio do trabalho.<\/p>\n<p>A m\u00e9dia de rendimentos ficou em R$ 2.017, R$ 50 abaixo do observado no mesmo per\u00edodo de 2015. No entanto, no c\u00e1lculo do trimestre encerrado em outubro, a m\u00e9dia subiu ligeiramente para R$ 2.025.<\/p>\n<p>A an\u00e1lise do Ipea foi feita com base em microdados da Pesquisa Nacional por Amostra de Domic\u00edlios Cont\u00ednua (Pnadc) e nos informes detalhados do Cadastro Geral de Empregados e Desempregados (Caged), do Minist\u00e9rio do Trabalho.<\/p>\n<p>Da Ag\u00eancia Brasil<br \/>\nEdi\u00e7\u00e3o: Kleber Sampaio<br \/>\n20\/12\/2016<\/p>\n","protected":false},"excerpt":{"rendered":"<p>Jovens entre 14 e 24 anos s\u00e3o os mais atingidos pelo desemprego, segundo texto da Carta de Conjuntura n\u00ba 33, divulgada pelo Instituto de Pesquisa Econ\u00f4mica Aplicada (Ipea). Enquanto a taxa total de desemprego alcan\u00e7ou 11,8% no terceiro trimestre deste ano, entre os jovens dessa faixa et\u00e1ria chegou a 27,7%. O desemprego tamb\u00e9m afeta mais [&hellip;]<\/p>\n","protected":false},"author":2,"featured_media":57583,"comment_status":"open","ping_status":"closed","sticky":false,"template":"","format":"standard","meta":{"_genesis_hide_title":false,"_genesis_hide_breadcrumbs":false,"_genesis_hide_singular_image":false,"_genesis_hide_footer_widgets":false,"_genesis_custom_body_class":"","_genesis_custom_post_class":"","_genesis_layout":"","_jetpack_memberships_contains_paid_content":false,"footnotes":""},"categories":[22,7],"tags":[],"class_list":{"0":"post-102474","1":"post","2":"type-post","3":"status-publish","4":"format-standard","5":"has-post-thumbnail","7":"category-brasil","8":"category-economia","9":"entry","10":"gs-1","11":"gs-odd","12":"gs-even","13":"gs-featured-content-entry"},"jetpack_featured_media_url":"https:\/\/www.redenoticia.com.br\/noticia\/imagens\/economia-grafico.jpg","jetpack_sharing_enabled":true,"jetpack_likes_enabled":true,"_links":{"self":[{"href":"https:\/\/www.redenoticia.com.br\/noticia\/wp-json\/wp\/v2\/posts\/102474","targetHints":{"allow":["GET"]}}],"collection":[{"href":"https:\/\/www.redenoticia.com.br\/noticia\/wp-json\/wp\/v2\/posts"}],"about":[{"href":"https:\/\/www.redenoticia.com.br\/noticia\/wp-json\/wp\/v2\/types\/post"}],"author":[{"embeddable":true,"href":"https:\/\/www.redenoticia.com.br\/noticia\/wp-json\/wp\/v2\/users\/2"}],"replies":[{"embeddable":true,"href":"https:\/\/www.redenoticia.com.br\/noticia\/wp-json\/wp\/v2\/comments?post=102474"}],"version-history":[{"count":0,"href":"https:\/\/www.redenoticia.com.br\/noticia\/wp-json\/wp\/v2\/posts\/102474\/revisions"}],"wp:featuredmedia":[{"embeddable":true,"href":"https:\/\/www.redenoticia.com.br\/noticia\/wp-json\/wp\/v2\/media\/57583"}],"wp:attachment":[{"href":"https:\/\/www.redenoticia.com.br\/noticia\/wp-json\/wp\/v2\/media?parent=102474"}],"wp:term":[{"taxonomy":"category","embeddable":true,"href":"https:\/\/www.redenoticia.com.br\/noticia\/wp-json\/wp\/v2\/categories?post=102474"},{"taxonomy":"post_tag","embeddable":true,"href":"https:\/\/www.redenoticia.com.br\/noticia\/wp-json\/wp\/v2\/tags?post=102474"}],"curies":[{"name":"wp","href":"https:\/\/api.w.org\/{rel}","templated":true}]}}