{"id":102472,"date":"2016-12-20T07:31:22","date_gmt":"2016-12-20T09:31:22","guid":{"rendered":"http:\/\/www.redenoticia.com.br\/noticia\/?p=102472"},"modified":"2016-12-20T07:31:22","modified_gmt":"2016-12-20T09:31:22","slug":"igp-m-tem-alta-de-041-no-segundo-decendio-de-dezembro","status":"publish","type":"post","link":"https:\/\/www.redenoticia.com.br\/noticia\/2016\/igp-m-tem-alta-de-041-no-segundo-decendio-de-dezembro\/102472","title":{"rendered":"IGP-M tem alta de 0,41% no segundo dec\u00eandio de dezembro"},"content":{"rendered":"<p> O \u00cdndice Geral de Pre\u00e7os \u2013 Mercado (<strong><em>IGP-M<\/em><\/strong>) registrou alta de 0,41% no segundo dec\u00eandio (per\u00edodo de dez dias) de dezembro.<\/p>\n<p>O indicador medido pela Funda\u00e7\u00e3o Getulio Vargas (FGV) teve influ\u00eancia da alta de 0,53% do \u00cdndice de Pre\u00e7os ao Produtor Amplo. Os itens relacionados a mat\u00e9rias-primas brutas tiveram eleva\u00e7\u00e3o de 1,86% no per\u00edodo, com destaque para o min\u00e9rio de ferro (15,36%).<\/p>\n<p>O \u00cdndice de Pre\u00e7os ao Consumidor (IPC) registrou varia\u00e7\u00e3o de 0,12%, no segundo dec\u00eandio de dezembro. As despesas com educa\u00e7\u00e3o, leitura e recrea\u00e7\u00e3o tiveram aumento de 1,26% e as despesas diversas, 0,79%.<\/p>\n<p>O \u00cdndice Nacional de Custo da Constru\u00e7\u00e3o teve alta de 0,32% no per\u00edodo. Os custos com m\u00e3o de obra cresceram 0,54%.<\/p>\n<p>Daniel Mello &#8211; Rep\u00f3rter da Ag\u00eancia Brasil<br \/>\nEdi\u00e7\u00e3o: L\u00edlian Beraldo<br \/>\n20\/12\/2016<br \/>\n&#8212;<\/p>\n<p>Criada em 2007 para fortalecer o sistema p\u00fablico de comunica\u00e7\u00e3o, a EBC \u00e9 gestora da TV Brasil, TV Brasil Internacional, Ag\u00eancia Brasil, Radioag\u00eancia Nacional e do sistema p\u00fablico de R\u00e1dio, composto por oito emissoras: R\u00e1dio Nacional AM do Rio de Janeiro (1.130 KHz), R\u00e1dio Nacional AM de Bras\u00edlia (980 KHz), Nacional FM de Bras\u00edlia (96,1 MHz), R\u00e1dio MEC AM do Rio de Janeiro (800 KHz), MEC FM do Rio de Janeiro (99,3 MHz), R\u00e1dio Nacional da Amaz\u00f4nia OC (11.780 KHz e 6.180 KHz), R\u00e1dio Nacional AM do Alto Solim\u00f5es (670 KHz) e R\u00e1dio Nacional FM do Alto Solim\u00f5es (96.1 MHz). Por sua independ\u00eancia editorial, os ve\u00edculos p\u00fablicos distinguem-se dos canais estatais ou governamentais. A rede de emissoras produz conte\u00fados diferenciados que a singulariza por espelhar de maneira mais fidedigna a complexidade cultural brasileira, ocupando um espa\u00e7o complementar, n\u00e3o preenchido pelos canais privados.<\/p>\n","protected":false},"excerpt":{"rendered":"<p>O \u00cdndice Geral de Pre\u00e7os \u2013 Mercado (IGP-M) registrou alta de 0,41% no segundo dec\u00eandio (per\u00edodo de dez dias) de dezembro. O indicador medido pela Funda\u00e7\u00e3o Getulio Vargas (FGV) teve influ\u00eancia da alta de 0,53% do \u00cdndice de Pre\u00e7os ao Produtor Amplo. Os itens relacionados a mat\u00e9rias-primas brutas tiveram eleva\u00e7\u00e3o de 1,86% no per\u00edodo, com [&hellip;]<\/p>\n","protected":false},"author":2,"featured_media":57585,"comment_status":"open","ping_status":"closed","sticky":false,"template":"","format":"standard","meta":{"_genesis_hide_title":false,"_genesis_hide_breadcrumbs":false,"_genesis_hide_singular_image":false,"_genesis_hide_footer_widgets":false,"_genesis_custom_body_class":"","_genesis_custom_post_class":"","_genesis_layout":"","_jetpack_memberships_contains_paid_content":false,"footnotes":""},"categories":[22,7],"tags":[],"class_list":{"0":"post-102472","1":"post","2":"type-post","3":"status-publish","4":"format-standard","5":"has-post-thumbnail","7":"category-brasil","8":"category-economia","9":"entry","10":"gs-1","11":"gs-odd","12":"gs-even","13":"gs-featured-content-entry"},"jetpack_featured_media_url":"https:\/\/www.redenoticia.com.br\/noticia\/imagens\/analise-economia.jpg","jetpack_sharing_enabled":true,"jetpack_likes_enabled":true,"_links":{"self":[{"href":"https:\/\/www.redenoticia.com.br\/noticia\/wp-json\/wp\/v2\/posts\/102472","targetHints":{"allow":["GET"]}}],"collection":[{"href":"https:\/\/www.redenoticia.com.br\/noticia\/wp-json\/wp\/v2\/posts"}],"about":[{"href":"https:\/\/www.redenoticia.com.br\/noticia\/wp-json\/wp\/v2\/types\/post"}],"author":[{"embeddable":true,"href":"https:\/\/www.redenoticia.com.br\/noticia\/wp-json\/wp\/v2\/users\/2"}],"replies":[{"embeddable":true,"href":"https:\/\/www.redenoticia.com.br\/noticia\/wp-json\/wp\/v2\/comments?post=102472"}],"version-history":[{"count":0,"href":"https:\/\/www.redenoticia.com.br\/noticia\/wp-json\/wp\/v2\/posts\/102472\/revisions"}],"wp:featuredmedia":[{"embeddable":true,"href":"https:\/\/www.redenoticia.com.br\/noticia\/wp-json\/wp\/v2\/media\/57585"}],"wp:attachment":[{"href":"https:\/\/www.redenoticia.com.br\/noticia\/wp-json\/wp\/v2\/media?parent=102472"}],"wp:term":[{"taxonomy":"category","embeddable":true,"href":"https:\/\/www.redenoticia.com.br\/noticia\/wp-json\/wp\/v2\/categories?post=102472"},{"taxonomy":"post_tag","embeddable":true,"href":"https:\/\/www.redenoticia.com.br\/noticia\/wp-json\/wp\/v2\/tags?post=102472"}],"curies":[{"name":"wp","href":"https:\/\/api.w.org\/{rel}","templated":true}]}}