{"id":102470,"date":"2016-12-20T07:29:26","date_gmt":"2016-12-20T09:29:26","guid":{"rendered":"http:\/\/www.redenoticia.com.br\/noticia\/?p=102470"},"modified":"2016-12-20T07:29:26","modified_gmt":"2016-12-20T09:29:26","slug":"ipc-registra-alta-de-035-na-quadrissemana-de-dezembro-em-sao-paulo","status":"publish","type":"post","link":"https:\/\/www.redenoticia.com.br\/noticia\/2016\/ipc-registra-alta-de-035-na-quadrissemana-de-dezembro-em-sao-paulo\/102470","title":{"rendered":"IPC registra alta de 0,35% na quadrissemana de dezembro em S\u00e3o Paulo"},"content":{"rendered":"<p>  O <strong><em>\u00cdndice de Pre\u00e7os ao Consumidor<\/em><\/strong> (IPC) medido pela Funda\u00e7\u00e3o Instituto de Pesquisas Econ\u00f4micas (Fipe), na cidade de S\u00e3o Paulo, teve alta de 0,35% na quadrissemana de dezembro. Os gastos com vestu\u00e1rio tiveram a maior eleva\u00e7\u00e3o no per\u00edodo (1,18%).<\/p>\n<p>O grupo de despesas pessoais subiu 1%. Os custos com fumo subiram 1,72% e com bebidas n\u00e3o alco\u00f3licas 1,43%. Os gastos com habita\u00e7\u00e3o tiveram alta de 0,48%, puxados pela energia el\u00e9trica (1,04%) e condom\u00ednio (1%).<\/p>\n<p>Os itens relacionados \u00e0 sa\u00fade tiveram eleva\u00e7\u00e3o de 0,43%. Os contratos de assist\u00eancia m\u00e9dica subiram 0,68%. O grupo de transportes registrou infla\u00e7\u00e3o de 0,36% nos pre\u00e7os relacionados. A gasolina aumentou 1,1% e o etanol 2,10%.<\/p>\n<p>No grupo educa\u00e7\u00e3o, a alta ficou em 0,08%. Enquanto nos produtos e servi\u00e7os ligados \u00e0 alimenta\u00e7\u00e3o houve queda de -0,40%. Os cereais tiveram retra\u00e7\u00e3o nos pre\u00e7os de -6,13 e a batata de -11,64%.<\/p>\n<p>Daniel Mello &#8211; Rep\u00f3rter da Ag\u00eancia Brasil<br \/>\nEdi\u00e7\u00e3o: Val\u00e9ria Aguiar<br \/>\n20\/12\/2016<\/p>\n","protected":false},"excerpt":{"rendered":"<p>O \u00cdndice de Pre\u00e7os ao Consumidor (IPC) medido pela Funda\u00e7\u00e3o Instituto de Pesquisas Econ\u00f4micas (Fipe), na cidade de S\u00e3o Paulo, teve alta de 0,35% na quadrissemana de dezembro. Os gastos com vestu\u00e1rio tiveram a maior eleva\u00e7\u00e3o no per\u00edodo (1,18%). O grupo de despesas pessoais subiu 1%. Os custos com fumo subiram 1,72% e com bebidas [&hellip;]<\/p>\n","protected":false},"author":2,"featured_media":57584,"comment_status":"open","ping_status":"closed","sticky":false,"template":"","format":"standard","meta":{"_genesis_hide_title":false,"_genesis_hide_breadcrumbs":false,"_genesis_hide_singular_image":false,"_genesis_hide_footer_widgets":false,"_genesis_custom_body_class":"","_genesis_custom_post_class":"","_genesis_layout":"","_jetpack_memberships_contains_paid_content":false,"footnotes":""},"categories":[22,7],"tags":[],"class_list":{"0":"post-102470","1":"post","2":"type-post","3":"status-publish","4":"format-standard","5":"has-post-thumbnail","7":"category-brasil","8":"category-economia","9":"entry","10":"gs-1","11":"gs-odd","12":"gs-even","13":"gs-featured-content-entry"},"jetpack_featured_media_url":"https:\/\/www.redenoticia.com.br\/noticia\/imagens\/economia-grafica-analise-inflacao.jpg","jetpack_sharing_enabled":true,"jetpack_likes_enabled":true,"_links":{"self":[{"href":"https:\/\/www.redenoticia.com.br\/noticia\/wp-json\/wp\/v2\/posts\/102470","targetHints":{"allow":["GET"]}}],"collection":[{"href":"https:\/\/www.redenoticia.com.br\/noticia\/wp-json\/wp\/v2\/posts"}],"about":[{"href":"https:\/\/www.redenoticia.com.br\/noticia\/wp-json\/wp\/v2\/types\/post"}],"author":[{"embeddable":true,"href":"https:\/\/www.redenoticia.com.br\/noticia\/wp-json\/wp\/v2\/users\/2"}],"replies":[{"embeddable":true,"href":"https:\/\/www.redenoticia.com.br\/noticia\/wp-json\/wp\/v2\/comments?post=102470"}],"version-history":[{"count":0,"href":"https:\/\/www.redenoticia.com.br\/noticia\/wp-json\/wp\/v2\/posts\/102470\/revisions"}],"wp:featuredmedia":[{"embeddable":true,"href":"https:\/\/www.redenoticia.com.br\/noticia\/wp-json\/wp\/v2\/media\/57584"}],"wp:attachment":[{"href":"https:\/\/www.redenoticia.com.br\/noticia\/wp-json\/wp\/v2\/media?parent=102470"}],"wp:term":[{"taxonomy":"category","embeddable":true,"href":"https:\/\/www.redenoticia.com.br\/noticia\/wp-json\/wp\/v2\/categories?post=102470"},{"taxonomy":"post_tag","embeddable":true,"href":"https:\/\/www.redenoticia.com.br\/noticia\/wp-json\/wp\/v2\/tags?post=102470"}],"curies":[{"name":"wp","href":"https:\/\/api.w.org\/{rel}","templated":true}]}}