{"id":102391,"date":"2016-12-19T06:20:36","date_gmt":"2016-12-19T08:20:36","guid":{"rendered":"http:\/\/www.redenoticia.com.br\/noticia\/?p=102391"},"modified":"2016-12-17T21:21:24","modified_gmt":"2016-12-17T23:21:24","slug":"cadastro-positivo-tem-adesao-de-55-milhoes-de-consumidores","status":"publish","type":"post","link":"https:\/\/www.redenoticia.com.br\/noticia\/2016\/cadastro-positivo-tem-adesao-de-55-milhoes-de-consumidores\/102391","title":{"rendered":"Cadastro Positivo tem ades\u00e3o de 5,5 milh\u00f5es de consumidores"},"content":{"rendered":"<p> A inclus\u00e3o autom\u00e1tica dos consumidores no <strong><em>Cadastro Positivo<\/em><\/strong> vai fazer com que o sistema de bons pagadores passe a funcionar efetivamente, na avalia\u00e7\u00e3o do presidente do Servi\u00e7o de Prote\u00e7\u00e3o ao Cr\u00e9dito (SPC Brasil), Roque Pellizzaro. O c\u00e1lculo \u00e9 que 5,5 milh\u00f5es de consumidores aderiram ao cadastro at\u00e9 agora, em um universo que poderia chegar a 120 milh\u00f5es.<\/p>\n<p>Entre as medidas de est\u00edmulo \u00e0 economia, o governo anunciou que a inclus\u00e3o do consumidor passar\u00e1 a ser autom\u00e1tica e a exclus\u00e3o depender\u00e1 de manifesta\u00e7\u00e3o. Atualmente, o consumidor precisa aderir ao Cadastro Positivo para ter os dados inclu\u00eddos no sistema. A mudan\u00e7a ser\u00e1 implementada por meio de medida provis\u00f3ria. Pellizzaro explica que, apesar de ser criado por lei em 2011, na pr\u00e1tica o Cadastro Positivo n\u00e3o funciona at\u00e9 hoje devido \u00e0 baixa ades\u00e3o de consumidores.<\/p>\n<p>Burocracia atrapalha consumidores<\/p>\n<p>Para o presidente do SPC Brasil, a legisla\u00e7\u00e3o atual torna a ades\u00e3o ao cadastro um processo burocr\u00e1tico e os consumidores ainda n\u00e3o conhecem as vantagens da ades\u00e3o. Na avalia\u00e7\u00e3o de Pellizzaro, assim como o valor do seguro de carro \u00e9 definido pelo perfil de risco dos clientes das seguradoras, o cadastro positivo tamb\u00e9m vai facilitar uma avalia\u00e7\u00e3o melhor para a libera\u00e7\u00e3o de cr\u00e9dito. \u201cO prazo e os juros ser\u00e3o de acordo com o perfil de cada um\u201d, disse.<\/p>\n<p>Segundo Pellizzaro, com a efetiva\u00e7\u00e3o da mudan\u00e7a proposta pelo governo, a expectativa \u00e9 que em um ano o Cadastro Positivo tenha volume de dados suficientes para funcionar de verdade.<\/p>\n<p>Atualmente, as empresas do setor t\u00eam adotado estrat\u00e9gias para tentar aumentar a ades\u00e3o. A Serasa, por exemplo, tem oferecido o sorteio de R$ 5 mil para quem aderir ao Cadastro Positivo.<\/p>\n<p>A uni\u00e3o dos cinco maiores bancos no pa\u00eds \u2013 Bradesco, Banco do Brasil, Caixa Econ\u00f4mica, Ita\u00fa e Santander \u2013 para criar um bureau de cr\u00e9dito em 2017 tamb\u00e9m \u00e9 uma promessa para tentar alavancar o Cadastro Positivo.<\/p>\n<p>Em novembro, o Conselho Administrativo de Defesa Econ\u00f4mica (Cade) aprovou a cria\u00e7\u00e3o da Gestora de Intelig\u00eancia de Cr\u00e9dito (GIC), que concorrer\u00e1 diretamente com as empresas Serasa Experian, Boa Vista SCPC e SPC Brasil.<\/p>\n<p>Kelly Oliveira &#8211; Rep\u00f3rter da Ag\u00eancia Brasil<br \/>\nEdi\u00e7\u00e3o: Kleber Sampaio<br \/>\n19\/12\/2016<\/p>\n","protected":false},"excerpt":{"rendered":"<p>A inclus\u00e3o autom\u00e1tica dos consumidores no Cadastro Positivo vai fazer com que o sistema de bons pagadores passe a funcionar efetivamente, na avalia\u00e7\u00e3o do presidente do Servi\u00e7o de Prote\u00e7\u00e3o ao Cr\u00e9dito (SPC Brasil), Roque Pellizzaro. O c\u00e1lculo \u00e9 que 5,5 milh\u00f5es de consumidores aderiram ao cadastro at\u00e9 agora, em um universo que poderia chegar a [&hellip;]<\/p>\n","protected":false},"author":2,"featured_media":57576,"comment_status":"open","ping_status":"closed","sticky":false,"template":"","format":"standard","meta":{"_genesis_hide_title":false,"_genesis_hide_breadcrumbs":false,"_genesis_hide_singular_image":false,"_genesis_hide_footer_widgets":false,"_genesis_custom_body_class":"","_genesis_custom_post_class":"","_genesis_layout":"","_jetpack_memberships_contains_paid_content":false,"footnotes":""},"categories":[22,7],"tags":[],"class_list":{"0":"post-102391","1":"post","2":"type-post","3":"status-publish","4":"format-standard","5":"has-post-thumbnail","7":"category-brasil","8":"category-economia","9":"entry","10":"gs-1","11":"gs-odd","12":"gs-even","13":"gs-featured-content-entry"},"jetpack_featured_media_url":"https:\/\/www.redenoticia.com.br\/noticia\/imagens\/tecnologia1.jpg","jetpack_sharing_enabled":true,"jetpack_likes_enabled":true,"_links":{"self":[{"href":"https:\/\/www.redenoticia.com.br\/noticia\/wp-json\/wp\/v2\/posts\/102391","targetHints":{"allow":["GET"]}}],"collection":[{"href":"https:\/\/www.redenoticia.com.br\/noticia\/wp-json\/wp\/v2\/posts"}],"about":[{"href":"https:\/\/www.redenoticia.com.br\/noticia\/wp-json\/wp\/v2\/types\/post"}],"author":[{"embeddable":true,"href":"https:\/\/www.redenoticia.com.br\/noticia\/wp-json\/wp\/v2\/users\/2"}],"replies":[{"embeddable":true,"href":"https:\/\/www.redenoticia.com.br\/noticia\/wp-json\/wp\/v2\/comments?post=102391"}],"version-history":[{"count":0,"href":"https:\/\/www.redenoticia.com.br\/noticia\/wp-json\/wp\/v2\/posts\/102391\/revisions"}],"wp:featuredmedia":[{"embeddable":true,"href":"https:\/\/www.redenoticia.com.br\/noticia\/wp-json\/wp\/v2\/media\/57576"}],"wp:attachment":[{"href":"https:\/\/www.redenoticia.com.br\/noticia\/wp-json\/wp\/v2\/media?parent=102391"}],"wp:term":[{"taxonomy":"category","embeddable":true,"href":"https:\/\/www.redenoticia.com.br\/noticia\/wp-json\/wp\/v2\/categories?post=102391"},{"taxonomy":"post_tag","embeddable":true,"href":"https:\/\/www.redenoticia.com.br\/noticia\/wp-json\/wp\/v2\/tags?post=102391"}],"curies":[{"name":"wp","href":"https:\/\/api.w.org\/{rel}","templated":true}]}}