{"id":102389,"date":"2016-12-19T06:19:15","date_gmt":"2016-12-19T08:19:15","guid":{"rendered":"http:\/\/www.redenoticia.com.br\/noticia\/?p=102389"},"modified":"2016-12-17T21:20:30","modified_gmt":"2016-12-17T23:20:30","slug":"bndes-estuda-novas-regras-para-exportacao-de-servicos","status":"publish","type":"post","link":"https:\/\/www.redenoticia.com.br\/noticia\/2016\/bndes-estuda-novas-regras-para-exportacao-de-servicos\/102389","title":{"rendered":"BNDES estuda novas regras para exporta\u00e7\u00e3o de servi\u00e7os"},"content":{"rendered":"<p> O Banco Nacional de Desenvolvimento Econ\u00f4mico e Social (BNDES) est\u00e1 com os empr\u00e9stimos para <strong><em>exporta\u00e7\u00f5es de servi\u00e7os<\/em><\/strong> de engenharia suspensos. O total parado sob an\u00e1lise chega a U$ 4,7 bilh\u00f5es, de projetos das empreiteiras brasileiras citadas na Opera\u00e7\u00e3o Lava Jato, informou o diretor jur\u00eddico do banco, Marcelo de Siqueira Freitas.<\/p>\n<p> Ele explicou que nenhuma das 25 empresas que pleiteavam o financiamento atendeu aos quatro novos crit\u00e9rios pr\u00e9-definidos pelo BNDES para conceder os recursos. Antes disso, o banco j\u00e1 havia desembolsado para elas U$ 2,3 bilh\u00f5es do total solicitado.<\/p>\n<p>A decis\u00e3o de suspender o financiamento afeta, entre outras, as empresas OAS, Odebrecht, Queiroz Galv\u00e3o, Camargo Corr\u00eaa e Andrade Gutierrez, que t\u00eam projetos na Am\u00e9rica Latina, notadamente, na Venezuela, Cuba e Argentina, e tamb\u00e9m em pa\u00edses da \u00c1frica, como Angola e Mo\u00e7ambique.<\/p>\n<p>Al\u00e9m dos 25 contratos suspensos para an\u00e1lise, outros 22 foram apresentados ao banco, por\u00e9m, sequer chegaram a ser analisados, uma vez que o BNDES est\u00e1 redefinindo seus par\u00e2metros.<br \/>\nSiqueira adiantou que a institui\u00e7\u00e3o trabalha com o Tribunal de Contas da Uni\u00e3o (TCU) para definir as novas regras de concess\u00e3o dos empr\u00e9stimos, mas n\u00e3o deu prazo para conclus\u00e3o. Segundo ele, alguns dos 22 projetos parados ser\u00e3o utilizados como refer\u00eancia.<\/p>\n<p>\u201cVamos pegar alguns desses projetos [suspensos] para fazer pilotos com o TCU, para que a gente possa, em conjunto, definir um par\u00e2metro que atenda \u00e0 l\u00f3gica do banco\u201d, disse. J\u00e1 s\u00e3o crit\u00e9rios definidos para concess\u00e3o de empr\u00e9stimos a an\u00e1lise de m\u00e9rito, o est\u00e1gio da obra e a participa\u00e7\u00e3o de outros agentes no financiamento, por exemplo.<\/p>\n<p>Isabela Vieira &#8211; Rep\u00f3rter da Ag\u00eancia Brasil<br \/>\nEdi\u00e7\u00e3o: Augusto Queiroz<br \/>\n19\/12\/2016<\/p>\n","protected":false},"excerpt":{"rendered":"<p>O Banco Nacional de Desenvolvimento Econ\u00f4mico e Social (BNDES) est\u00e1 com os empr\u00e9stimos para exporta\u00e7\u00f5es de servi\u00e7os de engenharia suspensos. O total parado sob an\u00e1lise chega a U$ 4,7 bilh\u00f5es, de projetos das empreiteiras brasileiras citadas na Opera\u00e7\u00e3o Lava Jato, informou o diretor jur\u00eddico do banco, Marcelo de Siqueira Freitas. Ele explicou que nenhuma das [&hellip;]<\/p>\n","protected":false},"author":2,"featured_media":57583,"comment_status":"open","ping_status":"closed","sticky":false,"template":"","format":"standard","meta":{"_genesis_hide_title":false,"_genesis_hide_breadcrumbs":false,"_genesis_hide_singular_image":false,"_genesis_hide_footer_widgets":false,"_genesis_custom_body_class":"","_genesis_custom_post_class":"","_genesis_layout":"","_jetpack_memberships_contains_paid_content":false,"footnotes":""},"categories":[22,7],"tags":[],"class_list":{"0":"post-102389","1":"post","2":"type-post","3":"status-publish","4":"format-standard","5":"has-post-thumbnail","7":"category-brasil","8":"category-economia","9":"entry","10":"gs-1","11":"gs-odd","12":"gs-even","13":"gs-featured-content-entry"},"jetpack_featured_media_url":"https:\/\/www.redenoticia.com.br\/noticia\/imagens\/economia-grafico.jpg","jetpack_sharing_enabled":true,"jetpack_likes_enabled":true,"_links":{"self":[{"href":"https:\/\/www.redenoticia.com.br\/noticia\/wp-json\/wp\/v2\/posts\/102389","targetHints":{"allow":["GET"]}}],"collection":[{"href":"https:\/\/www.redenoticia.com.br\/noticia\/wp-json\/wp\/v2\/posts"}],"about":[{"href":"https:\/\/www.redenoticia.com.br\/noticia\/wp-json\/wp\/v2\/types\/post"}],"author":[{"embeddable":true,"href":"https:\/\/www.redenoticia.com.br\/noticia\/wp-json\/wp\/v2\/users\/2"}],"replies":[{"embeddable":true,"href":"https:\/\/www.redenoticia.com.br\/noticia\/wp-json\/wp\/v2\/comments?post=102389"}],"version-history":[{"count":0,"href":"https:\/\/www.redenoticia.com.br\/noticia\/wp-json\/wp\/v2\/posts\/102389\/revisions"}],"wp:featuredmedia":[{"embeddable":true,"href":"https:\/\/www.redenoticia.com.br\/noticia\/wp-json\/wp\/v2\/media\/57583"}],"wp:attachment":[{"href":"https:\/\/www.redenoticia.com.br\/noticia\/wp-json\/wp\/v2\/media?parent=102389"}],"wp:term":[{"taxonomy":"category","embeddable":true,"href":"https:\/\/www.redenoticia.com.br\/noticia\/wp-json\/wp\/v2\/categories?post=102389"},{"taxonomy":"post_tag","embeddable":true,"href":"https:\/\/www.redenoticia.com.br\/noticia\/wp-json\/wp\/v2\/tags?post=102389"}],"curies":[{"name":"wp","href":"https:\/\/api.w.org\/{rel}","templated":true}]}}