{"id":102387,"date":"2016-12-19T06:18:05","date_gmt":"2016-12-19T08:18:05","guid":{"rendered":"http:\/\/www.redenoticia.com.br\/noticia\/?p=102387"},"modified":"2016-12-17T21:19:03","modified_gmt":"2016-12-17T23:19:03","slug":"pesquisa-cni-mostra-queda-nos-indices-de-atividade-industrial-em-novembro","status":"publish","type":"post","link":"https:\/\/www.redenoticia.com.br\/noticia\/2016\/pesquisa-cni-mostra-queda-nos-indices-de-atividade-industrial-em-novembro\/102387","title":{"rendered":"Pesquisa CNI mostra queda nos \u00edndices de atividade industrial em novembro"},"content":{"rendered":"<p> A Confedera\u00e7\u00e3o Nacional da Ind\u00fastria (CNI) divulgou a pesquisa <strong><em>Sondagem Industrial<\/em><\/strong> correspondente ao m\u00eas de novembro. Ela mostra continuidade na queda dos \u00edndices da atividade industrial, embora em ritmo menos intenso. O indicador de emprego mostra a tend\u00eancia do m\u00eas com menos empregos no setor, mas com uma queda menor se comparado com o ano anterior.<\/p>\n<p>De acordo com o sistema utilizado pela pesquisa, todos os \u00edndices abaixo de 50 pontos indicam queda (quanto menor o n\u00famero, maior a queda do \u00edndice) e, acima dessa marca, um aumento. O indicador de n\u00famero de empregados permaneceu est\u00e1vel em 45,8 pontos, ou seja, continua caindo, embora menos do que ca\u00eda em 2015. Naquele ano, foram registrados 42 pontos.<\/p>\n<p>A produ\u00e7\u00e3o foi melhor do que no m\u00eas passado, mas tamb\u00e9m abaixo dos 50 pontos. Nessa leve melhora, passou de 45,8 pontos para 47 pontos. Todos os quatro \u00edndices de expectativa (demanda, n\u00famero de empregados, compra de mat\u00e9rias-primas e quantidade exportada) est\u00e3o abaixo da linha dos 50 pontos. Com exce\u00e7\u00e3o do n\u00famero de empregados, todos os \u00edndices chegaram a atingir n\u00fameros positivos em algum momento, o que durou at\u00e9 os meses de setembro e outubro, mas ca\u00edram em novembro.<\/p>\n<p>O \u00edndice de inten\u00e7\u00e3o de investimento, medido pela pesquisa, segue a tend\u00eancia. A boa perspectiva est\u00e1 na rea\u00e7\u00e3o dessa inten\u00e7\u00e3o, que vem em tend\u00eancia de melhora desde abril, embora ainda n\u00e3o atinja um patamar positivo. Naquele m\u00eas, a inten\u00e7\u00e3o de investimento ficou abaixo de 40 pontos e agora chega aos 44,6 pontos.<\/p>\n<p>Avalia\u00e7\u00e3o do governo Temer<\/p>\n<p>Na manh\u00e3 de hoje a CNI havia divulgado uma pesquisa sobre a avalia\u00e7\u00e3o da popula\u00e7\u00e3o sobre o governo do presidente Michel Temer. O governo Temer foi avaliado como ruim ou p\u00e9ssimo por 46% dos brasileiros entrevistados. O percentual de pessoas que consideram o governo regular \u00e9 de 35% e os que avaliaram como \u00f3timo ou bom somam 13%. Outros 6% n\u00e3o sabem ou n\u00e3o responderam.<\/p>\n<p>Marcelo Brand\u00e3o &#8211; Rep\u00f3rter da Ag\u00eancia Brasil<br \/>\nEdi\u00e7\u00e3o: F\u00e1bio Massalli<br \/>\n19\/12\/2016<\/p>\n","protected":false},"excerpt":{"rendered":"<p>A Confedera\u00e7\u00e3o Nacional da Ind\u00fastria (CNI) divulgou a pesquisa Sondagem Industrial correspondente ao m\u00eas de novembro. Ela mostra continuidade na queda dos \u00edndices da atividade industrial, embora em ritmo menos intenso. O indicador de emprego mostra a tend\u00eancia do m\u00eas com menos empregos no setor, mas com uma queda menor se comparado com o ano [&hellip;]<\/p>\n","protected":false},"author":2,"featured_media":57585,"comment_status":"open","ping_status":"closed","sticky":false,"template":"","format":"standard","meta":{"_genesis_hide_title":false,"_genesis_hide_breadcrumbs":false,"_genesis_hide_singular_image":false,"_genesis_hide_footer_widgets":false,"_genesis_custom_body_class":"","_genesis_custom_post_class":"","_genesis_layout":"","_jetpack_memberships_contains_paid_content":false,"footnotes":""},"categories":[22,7],"tags":[],"class_list":{"0":"post-102387","1":"post","2":"type-post","3":"status-publish","4":"format-standard","5":"has-post-thumbnail","7":"category-brasil","8":"category-economia","9":"entry","10":"gs-1","11":"gs-odd","12":"gs-even","13":"gs-featured-content-entry"},"jetpack_featured_media_url":"https:\/\/www.redenoticia.com.br\/noticia\/imagens\/analise-economia.jpg","jetpack_sharing_enabled":true,"jetpack_likes_enabled":true,"_links":{"self":[{"href":"https:\/\/www.redenoticia.com.br\/noticia\/wp-json\/wp\/v2\/posts\/102387","targetHints":{"allow":["GET"]}}],"collection":[{"href":"https:\/\/www.redenoticia.com.br\/noticia\/wp-json\/wp\/v2\/posts"}],"about":[{"href":"https:\/\/www.redenoticia.com.br\/noticia\/wp-json\/wp\/v2\/types\/post"}],"author":[{"embeddable":true,"href":"https:\/\/www.redenoticia.com.br\/noticia\/wp-json\/wp\/v2\/users\/2"}],"replies":[{"embeddable":true,"href":"https:\/\/www.redenoticia.com.br\/noticia\/wp-json\/wp\/v2\/comments?post=102387"}],"version-history":[{"count":0,"href":"https:\/\/www.redenoticia.com.br\/noticia\/wp-json\/wp\/v2\/posts\/102387\/revisions"}],"wp:featuredmedia":[{"embeddable":true,"href":"https:\/\/www.redenoticia.com.br\/noticia\/wp-json\/wp\/v2\/media\/57585"}],"wp:attachment":[{"href":"https:\/\/www.redenoticia.com.br\/noticia\/wp-json\/wp\/v2\/media?parent=102387"}],"wp:term":[{"taxonomy":"category","embeddable":true,"href":"https:\/\/www.redenoticia.com.br\/noticia\/wp-json\/wp\/v2\/categories?post=102387"},{"taxonomy":"post_tag","embeddable":true,"href":"https:\/\/www.redenoticia.com.br\/noticia\/wp-json\/wp\/v2\/tags?post=102387"}],"curies":[{"name":"wp","href":"https:\/\/api.w.org\/{rel}","templated":true}]}}