{"id":102385,"date":"2016-12-19T06:16:40","date_gmt":"2016-12-19T08:16:40","guid":{"rendered":"http:\/\/www.redenoticia.com.br\/noticia\/?p=102385"},"modified":"2016-12-17T21:18:00","modified_gmt":"2016-12-17T23:18:00","slug":"sao-paulo-bate-recorde-de-producao-de-petroleo-e-gas-natural","status":"publish","type":"post","link":"https:\/\/www.redenoticia.com.br\/noticia\/2016\/sao-paulo-bate-recorde-de-producao-de-petroleo-e-gas-natural\/102385","title":{"rendered":"S\u00e3o Paulo bate recorde de produ\u00e7\u00e3o de petr\u00f3leo e g\u00e1s natural"},"content":{"rendered":"<p> A <strong><em>produ\u00e7\u00e3o de petr\u00f3leo<\/em><\/strong> e g\u00e1s natural no Estado de S\u00e3o Paulo cresceu 15,4% no \u00faltimo m\u00eas de setembro em rela\u00e7\u00e3o a agosto. O resultado representa um recorde estadual de 432,4 mil barris de \u00f3leo ao dia (boe\/d) produzidos, equivalente a 12,8% da produ\u00e7\u00e3o nacional. Os dados constam da mais recente edi\u00e7\u00e3o do Sum\u00e1rio Executivo de Petr\u00f3leo, publicado pela Secretaria de Energia e Minera\u00e7\u00e3o do Estado de S\u00e3o Paulo.<\/p>\n<p>Em rela\u00e7\u00e3o \u00e0 produ\u00e7\u00e3o de g\u00e1s natural, a produ\u00e7\u00e3o no m\u00eas foi de 18,5 milh\u00f5es de metros c\u00fabicos por dia (m3\/d), correspondente a 16,7% da produ\u00e7\u00e3o nacional. J\u00e1 a produ\u00e7\u00e3o de petr\u00f3leo alcan\u00e7ou 316,3 mil barris ao dia (bbl\/d), equivalente a 11.8% da produ\u00e7\u00e3o nacional.<\/p>\n<p>Atual terceiro produtor nacional, o Estado de S\u00e3o Paulo, que \u00e9 o maior consumidor de petr\u00f3leo e g\u00e1s natural do Brasil, pode ocupar a segunda coloca\u00e7\u00e3o em termos de produ\u00e7\u00e3o no pr\u00f3ximo ano, segundo Jo\u00e3o Carlos Meirelles, secret\u00e1rio de Energia e Minera\u00e7\u00e3o. Atualmente, os maiores produtores nacionais s\u00e3o Rio de Janeiro e Esp\u00edrito Santo.<\/p>\n<p>A produ\u00e7\u00e3o entre agosto e setembro de 2016 representa um aumento de 57,7%, em virtude dos resultados apresentados pelos campos de Mexilh\u00e3o e Sapinho\u00e1.<\/p>\n<p>A maior parte da produ\u00e7\u00e3o de 432,4 mil boe\/d do Estado verificada em setembro vem da Bacia de Santos, de onde s\u00e3o extra\u00eddos 110,3 mil bbl\/d, origin\u00e1rios do p\u00f3s-sal, e 322,1 mil boe\/d, do pr\u00e9-sal. Os campos de Ba\u00fana, Mexilh\u00e3o e Sapinho\u00e1 representam 98,5% da produ\u00e7\u00e3o de S\u00e3o Paulo, sendo o \u00faltimo respons\u00e1vel por 74.5% da produ\u00e7\u00e3o.<\/p>\n<p>Do Portal do Governo do Estado SP<\/p>\n","protected":false},"excerpt":{"rendered":"<p>A produ\u00e7\u00e3o de petr\u00f3leo e g\u00e1s natural no Estado de S\u00e3o Paulo cresceu 15,4% no \u00faltimo m\u00eas de setembro em rela\u00e7\u00e3o a agosto. O resultado representa um recorde estadual de 432,4 mil barris de \u00f3leo ao dia (boe\/d) produzidos, equivalente a 12,8% da produ\u00e7\u00e3o nacional. Os dados constam da mais recente edi\u00e7\u00e3o do Sum\u00e1rio Executivo [&hellip;]<\/p>\n","protected":false},"author":2,"featured_media":57582,"comment_status":"open","ping_status":"closed","sticky":false,"template":"","format":"standard","meta":{"_genesis_hide_title":false,"_genesis_hide_breadcrumbs":false,"_genesis_hide_singular_image":false,"_genesis_hide_footer_widgets":false,"_genesis_custom_body_class":"","_genesis_custom_post_class":"","_genesis_layout":"","_jetpack_memberships_contains_paid_content":false,"footnotes":""},"categories":[22,7],"tags":[],"class_list":{"0":"post-102385","1":"post","2":"type-post","3":"status-publish","4":"format-standard","5":"has-post-thumbnail","7":"category-brasil","8":"category-economia","9":"entry","10":"gs-1","11":"gs-odd","12":"gs-even","13":"gs-featured-content-entry"},"jetpack_featured_media_url":"https:\/\/www.redenoticia.com.br\/noticia\/imagens\/grafico1.jpg","jetpack_sharing_enabled":true,"jetpack_likes_enabled":true,"_links":{"self":[{"href":"https:\/\/www.redenoticia.com.br\/noticia\/wp-json\/wp\/v2\/posts\/102385","targetHints":{"allow":["GET"]}}],"collection":[{"href":"https:\/\/www.redenoticia.com.br\/noticia\/wp-json\/wp\/v2\/posts"}],"about":[{"href":"https:\/\/www.redenoticia.com.br\/noticia\/wp-json\/wp\/v2\/types\/post"}],"author":[{"embeddable":true,"href":"https:\/\/www.redenoticia.com.br\/noticia\/wp-json\/wp\/v2\/users\/2"}],"replies":[{"embeddable":true,"href":"https:\/\/www.redenoticia.com.br\/noticia\/wp-json\/wp\/v2\/comments?post=102385"}],"version-history":[{"count":0,"href":"https:\/\/www.redenoticia.com.br\/noticia\/wp-json\/wp\/v2\/posts\/102385\/revisions"}],"wp:featuredmedia":[{"embeddable":true,"href":"https:\/\/www.redenoticia.com.br\/noticia\/wp-json\/wp\/v2\/media\/57582"}],"wp:attachment":[{"href":"https:\/\/www.redenoticia.com.br\/noticia\/wp-json\/wp\/v2\/media?parent=102385"}],"wp:term":[{"taxonomy":"category","embeddable":true,"href":"https:\/\/www.redenoticia.com.br\/noticia\/wp-json\/wp\/v2\/categories?post=102385"},{"taxonomy":"post_tag","embeddable":true,"href":"https:\/\/www.redenoticia.com.br\/noticia\/wp-json\/wp\/v2\/tags?post=102385"}],"curies":[{"name":"wp","href":"https:\/\/api.w.org\/{rel}","templated":true}]}}