{"id":10227,"date":"2009-08-31T00:42:59","date_gmt":"2009-08-31T04:42:59","guid":{"rendered":"http:\/\/www.redenoticia.com.br\/noticia\/?p=10227"},"modified":"2009-08-31T00:42:59","modified_gmt":"2009-08-31T04:42:59","slug":"sbt-e-eliana-divulgam-site-para-inscricao-em-concursos-e-quadros-do-programa","status":"publish","type":"post","link":"https:\/\/www.redenoticia.com.br\/noticia\/2009\/sbt-e-eliana-divulgam-site-para-inscricao-em-concursos-e-quadros-do-programa\/10227","title":{"rendered":"SBT e Eliana divulgam site para inscri\u00e7\u00e3o em concursos e quadros do programa"},"content":{"rendered":"<p>SBT \u2013 Eliana divulgou como fazer a <strong>inscri\u00e7\u00e3o<\/strong> em <strong>concurso<\/strong><strong>s<\/strong> e <strong>quadros<\/strong> do novo programa durante a estr\u00e9ia neste domingo, 30 de agosto, Os candidatos podem se inscrever nos quadros \u201cBeleza Revelada\u201d, para quem quer voltar a ficar de bem com a vida, dar a volta por cima, mudar o visual e descobrir a beleza que a vida escondeu, \u201cTirando o p\u00e9 da lama\u201d, para quem est\u00e1 cheio de d\u00edvidas e n\u00e3o sabe como sair dessa. Voc\u00ea e sua fam\u00edlia podem participar de um divertido jogo e ter as d\u00edvidas pagas, \u201cOpostos se Atraem\u201d e \u201cCrian\u00e7a Show\u201d, para filhos que t\u00eam talento para o humor, contam piadas, fazem imita\u00e7\u00f5es, n\u00fameros circenses, cantam, dan\u00e7am. Eles se apresentam no palco e ainda ganham pr\u00eamios em dinheiro!<\/p>\n<p>Para participar do Programa <strong>Eliana<\/strong> basta acessar o site da <a href=\"http:\/\/www.sbt.com.br\/eliana\/\" target=\"_blank\">Eliana no portal do SBT,<\/a> escolher o quadro, cadastrar os dados solicitados e aguardar a produ\u00e7\u00e3o que entrar\u00e1 em contato, caso o cadastro seja selecionado. O <strong>SBT<\/strong> divulgou que um novo site est\u00e1 em desenvolvimento, pois \u00a0o atual s\u00f3 permite a inscri\u00e7\u00e3o nos quadros descritos.<\/p>\n<p><strong>Eliana<\/strong> estava muito \u00e0 vontade no <strong>SBT<\/strong>, em seu novo e colorido cen\u00e1rio. Na estria ela usou um vestido preto bem curto, pele bronzeada e cabelo jovial muito elogiado por Claudia Leitte. A plat\u00e9ia e os convidados \u00a0estavam muito animados. Maisa foi um show como sempre, mas o programa ainda n\u00e3o foi ao vivo.<\/p>\n<p>Pela primeira vez em sua carreira, Eliana foi dirigida por uma mulher. Leonor Corr\u00eaa \u00e9 a respons\u00e1vel pela atra\u00e7\u00e3o no SBT. \u201cAgora somos duas mulheres nessa guerra dominical. Pela primeira vez na vida, nesses 21 anos de carreira, eu tenho uma diretora mulher. Eu adoro essas coisas e fico muito feliz\u201d, disse Eliana. \u00a0<\/p>\n<p><strong>\u00a0SBT &#8211; Eliana<\/strong><\/p>\n","protected":false},"excerpt":{"rendered":"<p>SBT \u2013 Eliana divulgou como fazer a inscri\u00e7\u00e3o em concursos e quadros do novo programa durante a estr\u00e9ia neste domingo, 30 de agosto, Os candidatos podem se inscrever nos quadros \u201cBeleza Revelada\u201d, para quem quer voltar a ficar de bem com a vida, dar a volta por cima, mudar o visual e descobrir a beleza [&hellip;]<\/p>\n","protected":false},"author":3,"featured_media":0,"comment_status":"open","ping_status":"open","sticky":false,"template":"","format":"standard","meta":{"_genesis_hide_title":false,"_genesis_hide_breadcrumbs":false,"_genesis_hide_singular_image":false,"_genesis_hide_footer_widgets":false,"_genesis_custom_body_class":"","_genesis_custom_post_class":"","_genesis_layout":"","_jetpack_memberships_contains_paid_content":false,"footnotes":""},"categories":[22,343],"tags":[],"class_list":{"0":"post-10227","1":"post","2":"type-post","3":"status-publish","4":"format-standard","6":"category-brasil","7":"category-televisao","8":"entry","9":"gs-1","10":"gs-odd","11":"gs-even","12":"gs-featured-content-entry"},"jetpack_featured_media_url":"","jetpack_sharing_enabled":true,"jetpack_likes_enabled":true,"_links":{"self":[{"href":"https:\/\/www.redenoticia.com.br\/noticia\/wp-json\/wp\/v2\/posts\/10227","targetHints":{"allow":["GET"]}}],"collection":[{"href":"https:\/\/www.redenoticia.com.br\/noticia\/wp-json\/wp\/v2\/posts"}],"about":[{"href":"https:\/\/www.redenoticia.com.br\/noticia\/wp-json\/wp\/v2\/types\/post"}],"author":[{"embeddable":true,"href":"https:\/\/www.redenoticia.com.br\/noticia\/wp-json\/wp\/v2\/users\/3"}],"replies":[{"embeddable":true,"href":"https:\/\/www.redenoticia.com.br\/noticia\/wp-json\/wp\/v2\/comments?post=10227"}],"version-history":[{"count":0,"href":"https:\/\/www.redenoticia.com.br\/noticia\/wp-json\/wp\/v2\/posts\/10227\/revisions"}],"wp:attachment":[{"href":"https:\/\/www.redenoticia.com.br\/noticia\/wp-json\/wp\/v2\/media?parent=10227"}],"wp:term":[{"taxonomy":"category","embeddable":true,"href":"https:\/\/www.redenoticia.com.br\/noticia\/wp-json\/wp\/v2\/categories?post=10227"},{"taxonomy":"post_tag","embeddable":true,"href":"https:\/\/www.redenoticia.com.br\/noticia\/wp-json\/wp\/v2\/tags?post=10227"}],"curies":[{"name":"wp","href":"https:\/\/api.w.org\/{rel}","templated":true}]}}