{"id":102155,"date":"2016-12-16T06:36:09","date_gmt":"2016-12-16T08:36:09","guid":{"rendered":"http:\/\/www.redenoticia.com.br\/noticia\/?p=102155"},"modified":"2016-12-14T20:36:58","modified_gmt":"2016-12-14T22:36:58","slug":"vendas-de-motocicletas-registram-queda-de-285-este-ano","status":"publish","type":"post","link":"https:\/\/www.redenoticia.com.br\/noticia\/2016\/vendas-de-motocicletas-registram-queda-de-285-este-ano\/102155","title":{"rendered":"Vendas de motocicletas registram queda de 28,5% este ano"},"content":{"rendered":"<p> O setor de duas rodas vai fechar o ano com retra\u00e7\u00e3o em rela\u00e7\u00e3o a 2015, com queda de 28,5% nas <strong><em>vendas no atacado de motocicletas<\/em><\/strong> e similares. O n\u00famero divulgado pela Associa\u00e7\u00e3o Brasileira dos Fabricantes de Motocicletas, Ciclomotores, Motonetas, Bicicletas e similares (Abraciclo) corresponde ao acumulado de janeiro a novembro de 2016. Nos onze meses foram comercializadas 801.563 unidades ante 1.120.680 no mesmo per\u00edodo de 2015. \u201cUm fator positivo a se comemorar \u00e9 o volume de vendas de motocicletas no modelo scooter, com pequeno crescimento em rela\u00e7\u00e3o a 2015 e nos \u00faltimos tr\u00eas anos\u201d, destacou o presidente da Abraciclo, Marcos Fermanian.<\/p>\n<p>O recuo na produ\u00e7\u00e3o tamb\u00e9m foi registrado no comparativo entre os meses de outubro e novembro. Foi registrada queda de 1,7%, ou seja, no pen\u00faltimo m\u00eas sa\u00edram das f\u00e1bricas 70.320 motocicletas ante 71.220 em outubro. No acumulado do ano tamb\u00e9m houve retra\u00e7\u00e3o, foi registrada uma queda de 29,5% na produ\u00e7\u00e3o.<\/p>\n<p>J\u00e1 no varejo houve um crescimento de 10,5% em novembro com rela\u00e7\u00e3o a outubro. O n\u00famero de emplacamentos de motocicletas novas, de acordo com levantamento do Registro Nacional de Ve\u00edculos Automotores atingiu 69.122 unidades, ante 62.554 em outubro. J\u00e1 no acumulado de janeiro a novembro houve queda de 26,7% em rela\u00e7\u00e3o a 2015.<\/p>\n<p>A entidade prev\u00ea estabilidade nos neg\u00f3cios em 2017, com crescimentos na produ\u00e7\u00e3o de 2,2% e 66,1% nas exporta\u00e7\u00f5es. \u201cA proje\u00e7\u00e3o para o ano que vem tem n\u00fameros bem similares a 2016, esperamos uma estabilidade com ligeira crescimento\u201d, acredita o presidente da Abraciclo.<\/p>\n<p>Em rela\u00e7\u00e3o \u00e0 margem de lucro nas negocia\u00e7\u00f5es dos ve\u00edculos de duas rodas, o presidente ressaltou que est\u00e1 dif\u00edcil ser mantida. \u201cA cada ano \u00e9 fica mais estrito gerar lucro suficiente, assim como para fazer os investimentos necess\u00e1rios para a ind\u00fastria produzir novos modelos\u201d, lamentou.<\/p>\n<p>Quanto \u00e0s vendas no atacado e no varejo para o pr\u00f3ximo ano, os n\u00fameros devem ficar semelhantes \u00e0 2016, com ligeiro recuo de 1,1% no com\u00e9rcio varejista de motos \u2013 espera-se vender 890 mil unidades ante as 900 mil negociadas em 2016. Nas vendas por atacado, a Abraciclo projeta uma queda de 4,1%, isto \u00e9, a perspectiva \u00e9 que as f\u00e1bricas negociem 825 mil unidades, menos 35 mil do que 2016.<\/p>\n<p>Produ\u00e7\u00e3o de bicicletas<\/p>\n<p>Apesar da retra\u00e7\u00e3o de 9,7% nas vendas de bicicletas no atacado em 2016, a Abraciclo tem expectativas positivas para o aumento da produ\u00e7\u00e3o e espera um crescimento de 18,1%, totalizando 797 mil unidades, ante 674.597 fabricadas este ano. Na compara\u00e7\u00e3o com novembro de 2015, o setor cresceu 24%. Em igual per\u00edodo de 2016, o setor produziu 68.850 unidades, ante 55.515 produzidas ano passado.<\/p>\n<p>Ludmilla Souza &#8211; rep\u00f3rter da Ag\u00eancia Brasil<br \/>\nEdi\u00e7\u00e3o: Maria Claudia<br \/>\n16\/12\/2016<\/p>\n","protected":false},"excerpt":{"rendered":"<p>O setor de duas rodas vai fechar o ano com retra\u00e7\u00e3o em rela\u00e7\u00e3o a 2015, com queda de 28,5% nas vendas no atacado de motocicletas e similares. O n\u00famero divulgado pela Associa\u00e7\u00e3o Brasileira dos Fabricantes de Motocicletas, Ciclomotores, Motonetas, Bicicletas e similares (Abraciclo) corresponde ao acumulado de janeiro a novembro de 2016. Nos onze meses [&hellip;]<\/p>\n","protected":false},"author":2,"featured_media":57583,"comment_status":"open","ping_status":"closed","sticky":false,"template":"","format":"standard","meta":{"_genesis_hide_title":false,"_genesis_hide_breadcrumbs":false,"_genesis_hide_singular_image":false,"_genesis_hide_footer_widgets":false,"_genesis_custom_body_class":"","_genesis_custom_post_class":"","_genesis_layout":"","_jetpack_memberships_contains_paid_content":false,"footnotes":""},"categories":[22,7],"tags":[],"class_list":{"0":"post-102155","1":"post","2":"type-post","3":"status-publish","4":"format-standard","5":"has-post-thumbnail","7":"category-brasil","8":"category-economia","9":"entry","10":"gs-1","11":"gs-odd","12":"gs-even","13":"gs-featured-content-entry"},"jetpack_featured_media_url":"https:\/\/www.redenoticia.com.br\/noticia\/imagens\/economia-grafico.jpg","jetpack_sharing_enabled":true,"jetpack_likes_enabled":true,"_links":{"self":[{"href":"https:\/\/www.redenoticia.com.br\/noticia\/wp-json\/wp\/v2\/posts\/102155","targetHints":{"allow":["GET"]}}],"collection":[{"href":"https:\/\/www.redenoticia.com.br\/noticia\/wp-json\/wp\/v2\/posts"}],"about":[{"href":"https:\/\/www.redenoticia.com.br\/noticia\/wp-json\/wp\/v2\/types\/post"}],"author":[{"embeddable":true,"href":"https:\/\/www.redenoticia.com.br\/noticia\/wp-json\/wp\/v2\/users\/2"}],"replies":[{"embeddable":true,"href":"https:\/\/www.redenoticia.com.br\/noticia\/wp-json\/wp\/v2\/comments?post=102155"}],"version-history":[{"count":0,"href":"https:\/\/www.redenoticia.com.br\/noticia\/wp-json\/wp\/v2\/posts\/102155\/revisions"}],"wp:featuredmedia":[{"embeddable":true,"href":"https:\/\/www.redenoticia.com.br\/noticia\/wp-json\/wp\/v2\/media\/57583"}],"wp:attachment":[{"href":"https:\/\/www.redenoticia.com.br\/noticia\/wp-json\/wp\/v2\/media?parent=102155"}],"wp:term":[{"taxonomy":"category","embeddable":true,"href":"https:\/\/www.redenoticia.com.br\/noticia\/wp-json\/wp\/v2\/categories?post=102155"},{"taxonomy":"post_tag","embeddable":true,"href":"https:\/\/www.redenoticia.com.br\/noticia\/wp-json\/wp\/v2\/tags?post=102155"}],"curies":[{"name":"wp","href":"https:\/\/api.w.org\/{rel}","templated":true}]}}