{"id":102153,"date":"2016-12-16T06:35:12","date_gmt":"2016-12-16T08:35:12","guid":{"rendered":"http:\/\/www.redenoticia.com.br\/noticia\/?p=102153"},"modified":"2016-12-14T20:36:04","modified_gmt":"2016-12-14T22:36:04","slug":"desemprego-eleva-abertura-de-novas-empresas-nos-ultimos-6-anos-diz-serasa","status":"publish","type":"post","link":"https:\/\/www.redenoticia.com.br\/noticia\/2016\/desemprego-eleva-abertura-de-novas-empresas-nos-ultimos-6-anos-diz-serasa\/102153","title":{"rendered":"Desemprego eleva abertura de novas empresas nos \u00faltimos 6 anos, diz Serasa"},"content":{"rendered":"<p> O <strong><em>n\u00famero de empresas abertas<\/em><\/strong> entre janeiro e setembro deste ano aumentou 1,3%, somando 1.542.967 de novas companhias. Foi a maior quantidade j\u00e1 registrada desde 2010, segundo o Indicador Serasa Experian de Nascimento de Empresas. Apesar de ter atingido um recorde no per\u00edodo, em setembro \u00faltimo comparado a igual m\u00eas do ano passado, houve retra\u00e7\u00e3o de 6% com o surgimento de 162,9 mil empresas.<\/p>\n<p>Na avalia\u00e7\u00e3o dos economistas da Serasa Experian, o crescimento do desemprego \u00e9 que est\u00e1 estimulando o empreendedorismo. \u201cPessoas que perderam seus empregos est\u00e3o abrindo novas empresas visando alguma renda dadas as dificuldades econ\u00f4micas atuais\u201d, diz a nota t\u00e9cnica da Serasa.<\/p>\n<p>A maior parte dos registros (79,1%) s\u00e3o de Microempreendedores Individuais (MEIs) que, em 2010, representavam menos da metade (45,9%). Segundo a pesquisa, a crescente formaliza\u00e7\u00e3o dos neg\u00f3cios no Brasil \u00e9 respons\u00e1vel pelo aumento constante dos MEIs. Nos nove primeiros meses deste ano, este g\u00eanero cresceu 5,3%, atingindo 1.159.388 novas a\u00e7\u00f5es.<\/p>\n<p>Em rela\u00e7\u00e3o \u00e0s Sociedades Limitadas, foram criadas 133.340 unidades, 12,9% abaixo do mesmo per\u00edodo do ano passado. Tamb\u00e9m diminuiu em 22,1% o surgimento de Empresas Individuais em um total de 101.498 novos neg\u00f3cios. J\u00e1 as novas empresas de outras naturezas cresceram 9,1% (87.600).<\/p>\n<p>Entre os segmentos que mais cresce est\u00e1 o de presta\u00e7\u00e3o de servi\u00e7os com uma participa\u00e7\u00e3o de 62,9% e um total acumulado at\u00e9 setembro de 970.664 novas empresas. Neste setor, segundo a Serasa, o crescimento tem sido constante desde 2010 quando era 53% do total de empresas criadas.<\/p>\n<p>O segundo maior interesse em empreender \u00e9 no ramo comercial (439.487 empresas e 28,5% do total). Neste caso, caiu a participa\u00e7\u00e3o em compara\u00e7\u00e3o a 2010 (35,6%). Em terceiro lugar na lista de atratividade para empreender aparece a \u00e1rea industrial (128.474 empresas e 8,3% do total).<\/p>\n<p>Empresas por regi\u00e3o<\/p>\n<p>O maior n\u00famero de empresas abertas foi verificado na regi\u00e3o Sudeste (798.054), onde se concentram mais da metade dos novos empreendimentos (51,7%). Em seguida, aparece o Sul do pa\u00eds (257.784) com taxa de participa\u00e7\u00e3o em 16,7% ; o Nordeste (257.515 empresas e a mesma taxa do Sul, 16,7%); o Centro-Oeste (134.962 empresas e taxa de 8,7%) e o Norte (73.594 novas empresas e taxa de 4,8%).<\/p>\n<p>Mas foi no Sul do pa\u00eds que houve mais crescimento entre janeiro e setembro com alta de 2,4%, seguido do Sudeste ( 2,2%). Nas outras regi\u00f5es, ocorreram quedas: Nordeste (-6,0%), Norte (-3,9%) e Centro-Oeste (-3,5%).<\/p>\n<p>O estado de S\u00e3o Paulo registrou o maior n\u00famero de empresas abertas (435.461), o correspondente a 28,2% dos novos empreendimentos. Em Minas Gerais surgiram 169.815 empresas (11,% do total) e no Rio de Janeiro (166.880 e 10,8% do total).<\/p>\n<p>Marli Moreira &#8211; Rep\u00f3rter da Ag\u00eancia Brasil<br \/>\nEdi\u00e7\u00e3o: Kleber Sampaio<br \/>\n16\/12\/2016<\/p>\n","protected":false},"excerpt":{"rendered":"<p>O n\u00famero de empresas abertas entre janeiro e setembro deste ano aumentou 1,3%, somando 1.542.967 de novas companhias. Foi a maior quantidade j\u00e1 registrada desde 2010, segundo o Indicador Serasa Experian de Nascimento de Empresas. Apesar de ter atingido um recorde no per\u00edodo, em setembro \u00faltimo comparado a igual m\u00eas do ano passado, houve retra\u00e7\u00e3o [&hellip;]<\/p>\n","protected":false},"author":2,"featured_media":57585,"comment_status":"open","ping_status":"closed","sticky":false,"template":"","format":"standard","meta":{"_genesis_hide_title":false,"_genesis_hide_breadcrumbs":false,"_genesis_hide_singular_image":false,"_genesis_hide_footer_widgets":false,"_genesis_custom_body_class":"","_genesis_custom_post_class":"","_genesis_layout":"","_jetpack_memberships_contains_paid_content":false,"footnotes":""},"categories":[22,7],"tags":[],"class_list":{"0":"post-102153","1":"post","2":"type-post","3":"status-publish","4":"format-standard","5":"has-post-thumbnail","7":"category-brasil","8":"category-economia","9":"entry","10":"gs-1","11":"gs-odd","12":"gs-even","13":"gs-featured-content-entry"},"jetpack_featured_media_url":"https:\/\/www.redenoticia.com.br\/noticia\/imagens\/analise-economia.jpg","jetpack_sharing_enabled":true,"jetpack_likes_enabled":true,"_links":{"self":[{"href":"https:\/\/www.redenoticia.com.br\/noticia\/wp-json\/wp\/v2\/posts\/102153","targetHints":{"allow":["GET"]}}],"collection":[{"href":"https:\/\/www.redenoticia.com.br\/noticia\/wp-json\/wp\/v2\/posts"}],"about":[{"href":"https:\/\/www.redenoticia.com.br\/noticia\/wp-json\/wp\/v2\/types\/post"}],"author":[{"embeddable":true,"href":"https:\/\/www.redenoticia.com.br\/noticia\/wp-json\/wp\/v2\/users\/2"}],"replies":[{"embeddable":true,"href":"https:\/\/www.redenoticia.com.br\/noticia\/wp-json\/wp\/v2\/comments?post=102153"}],"version-history":[{"count":0,"href":"https:\/\/www.redenoticia.com.br\/noticia\/wp-json\/wp\/v2\/posts\/102153\/revisions"}],"wp:featuredmedia":[{"embeddable":true,"href":"https:\/\/www.redenoticia.com.br\/noticia\/wp-json\/wp\/v2\/media\/57585"}],"wp:attachment":[{"href":"https:\/\/www.redenoticia.com.br\/noticia\/wp-json\/wp\/v2\/media?parent=102153"}],"wp:term":[{"taxonomy":"category","embeddable":true,"href":"https:\/\/www.redenoticia.com.br\/noticia\/wp-json\/wp\/v2\/categories?post=102153"},{"taxonomy":"post_tag","embeddable":true,"href":"https:\/\/www.redenoticia.com.br\/noticia\/wp-json\/wp\/v2\/tags?post=102153"}],"curies":[{"name":"wp","href":"https:\/\/api.w.org\/{rel}","templated":true}]}}