{"id":102149,"date":"2016-12-16T06:32:56","date_gmt":"2016-12-16T08:32:56","guid":{"rendered":"http:\/\/www.redenoticia.com.br\/noticia\/?p=102149"},"modified":"2016-12-14T20:33:52","modified_gmt":"2016-12-14T22:33:52","slug":"ceia-de-natal-fica-10-mais-cara-na-cidade-de-sao-paulo-aponta-pesquisa","status":"publish","type":"post","link":"https:\/\/www.redenoticia.com.br\/noticia\/2016\/ceia-de-natal-fica-10-mais-cara-na-cidade-de-sao-paulo-aponta-pesquisa\/102149","title":{"rendered":"Ceia de Natal fica 10% mais cara na cidade de S\u00e3o Paulo, aponta pesquisa"},"content":{"rendered":"<p> Os itens da <em><strong>ceia de Natal<\/strong><\/em> paulistana ficaram 10,31% mais caros neste ano, segundo pesquisa da Funda\u00e7\u00e3o Procon-SP. O resultado foi obtido ap\u00f3s a compara\u00e7\u00e3o de 128 produtos comuns entre os levantamentos realizados neste ano e no ano passado.<\/p>\n<p>Veja a pesquisa completa .<\/p>\n<p>A maior diferen\u00e7a de pre\u00e7o, 136,40%, foi encontrada no azeite de oliva extra virgem reserva (vidro de 500 ml), da marca Gallo. Em um supermercado ele custava R$ 23,90 e em outro, R$ 56,50.<\/p>\n<p>Entre os itens mais consumidos na \u00e9poca de Natal, os panetones, a maior diferen\u00e7a encontrada foi no panetone de banana com canela (500g), da marca Village (79,13%). Em um estabelecimento ele custava R$ 14,90 e no outro, R$ 26,69.<\/p>\n<p>Do total dos itens divulgados, um supermercado da zona norte da capital foi o que apresentou a maior quantidade de produtos com menor pre\u00e7o (69 itens). A coleta de pre\u00e7os foi realizada entre os dias 28 e 30 de novembro, em dez supermercados distribu\u00eddos pelas regi\u00f5es norte, sul, leste, oeste e centro do munic\u00edpio de S\u00e3o Paulo.<\/p>\n<p>Foram comparados os pre\u00e7os de 199 itens de diferentes marcas: azeites, bombons, carnes congeladas, lentilhas, conservas, farofas prontas, frutas em calda, panetones, chocotones e bolos de Natal. O objetivo \u00e9 oferecer uma refer\u00eancia de pre\u00e7os para o consumidor nas suas compras.<\/p>\n<p>Dicas de compras<br \/>\nA fim de reduzir o risco de levar produtos desnecess\u00e1rios, os especialistas do Procon-SP recomendam fazer uma lista dos itens que far\u00e3o parte da Ceia de Natal antes de ir \u00e0s compras.<\/p>\n<p>Na hora da compra, \u00e9 importante ler as embalagens e r\u00f3tulos dos produtos, observando caracter\u00edsticas, condi\u00e7\u00f5es de conserva\u00e7\u00e3o e informa\u00e7\u00f5es nutricionais, al\u00e9m da data de validade.<\/p>\n<p>As promo\u00e7\u00f5es divulgadas pelos estabelecimentos comerciais devem ser cumpridas, por isso, \u00e9 aconselh\u00e1vel guardar os folhetos e an\u00fancios publicit\u00e1rios que comprovem as ofertas.<\/p>\n<p>Quando passar os produtos pelo caixa, observe os valores registrados. Havendo diferen\u00e7a entre o pre\u00e7o cobrado e o que estava informado na g\u00f4ndola, prevalece o menor.<\/p>\n<p>Do Portal do Governo do Estado SP<\/p>\n","protected":false},"excerpt":{"rendered":"<p>Os itens da ceia de Natal paulistana ficaram 10,31% mais caros neste ano, segundo pesquisa da Funda\u00e7\u00e3o Procon-SP. O resultado foi obtido ap\u00f3s a compara\u00e7\u00e3o de 128 produtos comuns entre os levantamentos realizados neste ano e no ano passado. Veja a pesquisa completa . A maior diferen\u00e7a de pre\u00e7o, 136,40%, foi encontrada no azeite de [&hellip;]<\/p>\n","protected":false},"author":2,"featured_media":57582,"comment_status":"open","ping_status":"closed","sticky":false,"template":"","format":"standard","meta":{"_genesis_hide_title":false,"_genesis_hide_breadcrumbs":false,"_genesis_hide_singular_image":false,"_genesis_hide_footer_widgets":false,"_genesis_custom_body_class":"","_genesis_custom_post_class":"","_genesis_layout":"","_jetpack_memberships_contains_paid_content":false,"footnotes":""},"categories":[22,7],"tags":[],"class_list":{"0":"post-102149","1":"post","2":"type-post","3":"status-publish","4":"format-standard","5":"has-post-thumbnail","7":"category-brasil","8":"category-economia","9":"entry","10":"gs-1","11":"gs-odd","12":"gs-even","13":"gs-featured-content-entry"},"jetpack_featured_media_url":"https:\/\/www.redenoticia.com.br\/noticia\/imagens\/grafico1.jpg","jetpack_sharing_enabled":true,"jetpack_likes_enabled":true,"_links":{"self":[{"href":"https:\/\/www.redenoticia.com.br\/noticia\/wp-json\/wp\/v2\/posts\/102149","targetHints":{"allow":["GET"]}}],"collection":[{"href":"https:\/\/www.redenoticia.com.br\/noticia\/wp-json\/wp\/v2\/posts"}],"about":[{"href":"https:\/\/www.redenoticia.com.br\/noticia\/wp-json\/wp\/v2\/types\/post"}],"author":[{"embeddable":true,"href":"https:\/\/www.redenoticia.com.br\/noticia\/wp-json\/wp\/v2\/users\/2"}],"replies":[{"embeddable":true,"href":"https:\/\/www.redenoticia.com.br\/noticia\/wp-json\/wp\/v2\/comments?post=102149"}],"version-history":[{"count":0,"href":"https:\/\/www.redenoticia.com.br\/noticia\/wp-json\/wp\/v2\/posts\/102149\/revisions"}],"wp:featuredmedia":[{"embeddable":true,"href":"https:\/\/www.redenoticia.com.br\/noticia\/wp-json\/wp\/v2\/media\/57582"}],"wp:attachment":[{"href":"https:\/\/www.redenoticia.com.br\/noticia\/wp-json\/wp\/v2\/media?parent=102149"}],"wp:term":[{"taxonomy":"category","embeddable":true,"href":"https:\/\/www.redenoticia.com.br\/noticia\/wp-json\/wp\/v2\/categories?post=102149"},{"taxonomy":"post_tag","embeddable":true,"href":"https:\/\/www.redenoticia.com.br\/noticia\/wp-json\/wp\/v2\/tags?post=102149"}],"curies":[{"name":"wp","href":"https:\/\/api.w.org\/{rel}","templated":true}]}}