{"id":102147,"date":"2016-12-16T06:31:37","date_gmt":"2016-12-16T08:31:37","guid":{"rendered":"http:\/\/www.redenoticia.com.br\/noticia\/?p=102147"},"modified":"2016-12-14T20:32:50","modified_gmt":"2016-12-14T22:32:50","slug":"universidades-podem-contribuir-para-tornar-sao-paulo-uma-cidade-inteligente","status":"publish","type":"post","link":"https:\/\/www.redenoticia.com.br\/noticia\/2016\/universidades-podem-contribuir-para-tornar-sao-paulo-uma-cidade-inteligente\/102147","title":{"rendered":"Universidades podem contribuir para tornar S\u00e3o Paulo uma cidade inteligente"},"content":{"rendered":"<p> Elton Alisson | Ag\u00eancia FAPESP \u2013 As universidades podem contribuir para tornar <em><strong>cidades inteligentes<\/strong><\/em> por meio do desenvolvimento de sistemas de informa\u00e7\u00e3o qualificados. Tais sistemas s\u00e3o considerados essenciais para a cria\u00e7\u00e3o de solu\u00e7\u00f5es baseadas em novas tecnologias computacionais voltadas a difundir informa\u00e7\u00f5es e a aprimorar a qualidade dos servi\u00e7os p\u00fablicos.<\/p>\n<p>A avalia\u00e7\u00e3o foi feita por participantes do workshop \u201cCidades inteligentes: como S\u00e3o Paulo pode se tornar uma delas\u201d, realizado no dia 6 de dezembro no audit\u00f3rio da Biblioteca Brasiliana Guita e Jos\u00e9 Mindlin, na Cidade Universit\u00e1ria, em S\u00e3o Paulo.<\/p>\n<p>O objetivo do evento foi discutir como transformar S\u00e3o Paulo em uma cidade inteligente \u2013 termo que se refere ao uso de Tecnologia da Informa\u00e7\u00e3o e Comunica\u00e7\u00e3o (TIC), em particular internet das coisas, big data, computa\u00e7\u00e3o m\u00f3vel e na nuvem, para processar informa\u00e7\u00f5es no meio urbano e, dessa forma, aumentar o bem-estar da popula\u00e7\u00e3o das cidades.<\/p>\n<p>O evento foi promovido pela Pr\u00f3-Reitoria de Pesquisa da USP no \u00e2mbito dos Strategic Workshops, pelo\u00a0Programa USP Cidades Globais, pelo Instituto de Estudos Avan\u00e7ados e pelo Departamento de Ci\u00eancia da Computa\u00e7\u00e3o do Instituto de Matem\u00e1tica e Estat\u00edstica.<\/p>\n<p>Participaram do encontro pesquisadores de diversas \u00e1reas do conhecimento, incluindo Sa\u00fade, Clima, Biologia, Transportes, Urbanismo e Ci\u00eancias Sociais, entre outras, al\u00e9m de gestores p\u00fablicos e fundadores de startups.<\/p>\n<p>\u201cA principal contribui\u00e7\u00e3o que a universidade pode dar para tornar uma cidade, como S\u00e3o Paulo, inteligente, \u00e9 produzir sistemas de informa\u00e7\u00e3o, que mobilizam grandes bases de dados, de modo a possibilitar o acesso a esses indicadores por gestores p\u00fablicos e cidad\u00e3os, para que possam ser melhor informados e tomar decis\u00f5es\u201d, avaliou Marta Teresa da Silva Arretche, professora da Faculdade de Filosofia, Letras e Ci\u00eancias Humanas (FFLCH) da USP e diretora do Centro de Estudos da Metr\u00f3pole (CEM) \u2013 um dos Centros de Pesquisa, Inova\u00e7\u00e3o e Difus\u00e3o () financiados pela FAPESP.<\/p>\n<p>Na avalia\u00e7\u00e3o de Arretche, as grandes bases de dados p\u00fablicos dispon\u00edveis hoje no Brasil s\u00e3o acess\u00edveis para pesquisadores, mas n\u00e3o diretamente para os cidad\u00e3os ou para os gestores p\u00fablicos.<\/p>\n<p>Isso porque essas informa\u00e7\u00f5es, que podem ser baixadas em um computador pessoal, por exemplo, s\u00e3o disponibilizadas muitas vezes de forma n\u00e3o muito \u201camig\u00e1vel\u201d, como em forma de gr\u00e1ficos e tabelas de dif\u00edcil compreens\u00e3o por um leigo.<\/p>\n<p>\u201cH\u00e1 um grande trabalho a ser feito para converter essa massa de informa\u00e7\u00f5es dispon\u00edveis em bancos de dados p\u00fablicos de modo que sejam acess\u00edveis para os cidad\u00e3os e os gestores p\u00fablicos\u201d, avaliou.<\/p>\n<p>Uma vez que as universidades possuem pesquisadores especializados em diversas \u00e1reas do conhecimento, esses profissionais podem ser mobilizados para extrair informa\u00e7\u00f5es dessas bases de dados e produzir sistemas de informa\u00e7\u00e3o confi\u00e1veis e atualizados sistematicamente sobre temas de interesse p\u00fablico, indicou a pesquisadora.<\/p>\n<p>Os pesquisadores do Centro de Estudos da Metr\u00f3pole, por exemplo, desenvolveram recentemente um\u00a0 que possibilita obter informa\u00e7\u00f5es sobre o desempenho e as condi\u00e7\u00f5es de opera\u00e7\u00e3o de escolas p\u00fablicas e particulares situadas na Regi\u00e3o Metropolitana de S\u00e3o Paulo.<\/p>\n<p>A plataforma on-line permite que o usu\u00e1rio possa localizar qualquer escola de seu interesse e obter informa\u00e7\u00f5es sobre notas obtidas nos exames nacionais, as instala\u00e7\u00f5es e as condi\u00e7\u00f5es socioecon\u00f4micas de seus alunos, e compar\u00e1-las com institui\u00e7\u00f5es em seu entorno em um raio de 2 quil\u00f4metros de dist\u00e2ncia.<\/p>\n<p>\u201cUm dos objetivos de desenvolver esse sistema foi auxiliar as fam\u00edlias durante o processo de escolha de uma escola para matricular seus filhos. Mas, recentemente, tamb\u00e9m identificamos que gestores p\u00fablicos da \u00e1rea de educa\u00e7\u00e3o tamb\u00e9m t\u00eam interesse em ter esse tipo de informa\u00e7\u00e3o sobre as escolas para poder tomar decis\u00f5es\u201d, disse Arretche.<\/p>\n<p>De acordo com a pesquisadora, o desenvolvimento do aplicativo contou com a participa\u00e7\u00e3o de pesquisadores de diferentes disciplinas, como das Ci\u00eancias Sociais, geoprocessamento e georreferenciamento, demografia, estat\u00edstica e de programa\u00e7\u00e3o, e envolveu decis\u00f5es como quais seriam as fontes de dados, quais categorias de informa\u00e7\u00f5es seriam selecionadas e de que forma seriam disponibilizadas para acesso.<\/p>\n<p>\u201cO desenvolvimento de sistemas de informa\u00e7\u00e3o como esse requer necessariamente e inevitavelmente a colabora\u00e7\u00e3o de pesquisadores de \u00e1reas e disciplinas distintas\u201d, avaliou Arretche.<\/p>\n<p>\u201cPara desenvolver sistemas computacionais, os pesquisadores de \u00e1reas como a Computa\u00e7\u00e3o e Matem\u00e1tica precisam necessariamente do conhecimento especializado de pesquisadores de outras \u00e1reas\u201d, afirmou.<\/p>\n<p>Outras fontes de dados<\/p>\n<p>Al\u00e9m de bancos de dados, outras fontes que t\u00eam sido utilizadas por pesquisadores vinculados a universidades e empresas p\u00fablicas para o desenvolvimento de ferramentas computacionais para possibilitar a captura, armazenamento e an\u00e1lise de grandes quantidades de dados, de modo a permitir que possam ser visualizados por gestores p\u00fablicos, s\u00e3o imagens obtidas por c\u00e2meras de v\u00eddeo.<\/p>\n<p>Um grupo de pesquisadores do Departamento de Ci\u00eancia da Computa\u00e7\u00e3o do IME-USP, em colabora\u00e7\u00e3o com colegas da New York University e do IBM T. J. Watson Research Center, nos Estados Unidos, desenvolveu, por meio de um  apoiado pela FAPESP, um software para obter imagens de ambientes urbanos, capturadas por c\u00e2meras de rua e disponibilizadas na internet por servi\u00e7os como o , e construir bancos de dados.<\/p>\n<p>Por meio de t\u00e9cnicas de vis\u00e3o computacional e aprendizado de m\u00e1quina, os pesquisadores pretendem usar essas informa\u00e7\u00f5es para identificar, por exemplo, incidentes ou comportamentos anormais e emitir alertas em tempo real para \u00f3rg\u00e3os p\u00fablicos, como a Defesa Civil.<\/p>\n<p>\u201cGostar\u00edamos de expandir esse projeto para usar informa\u00e7\u00e3o n\u00e3o s\u00f3 visual, como tamb\u00e9m de outras fontes, como posts em redes sociais\u201d, disse Roberto Marcondes Cesar Junior, professor do IME-USP e coordenador do projeto, durante palestra no evento.<\/p>\n<p>\u201cSe acontece um acidente na cidade hoje, a chance de ter uma pessoa observando e postando um texto ou uma foto em uma rede social como o Facebook, por exemplo, \u00e9 muito alta. Gostar\u00edamos de usar esse tipo de informa\u00e7\u00e3o\u201d, afirmou.<\/p>\n<p>J\u00e1 um grupo de pesquisadores do laborat\u00f3rio de inova\u00e7\u00e3o da Empresa de Tecnologia da Informa\u00e7\u00e3o e Comunica\u00e7\u00e3o do Munic\u00edpio de S\u00e3o Paulo (Prodam) desenvolveu um software de reconhecimento de imagens para realizar a contagem de ciclistas que passam por ciclovias na avenida Faria Lima, em S\u00e3o Paulo.<\/p>\n<p>O software despertou o interesse da Companhia de Engenharia de Tr\u00e1fego (CET), que pretende por meio dele aprimorar o mapa de congestionamento de tr\u00e2nsito na cidade de S\u00e3o Paulo, que era feito manualmente por t\u00e9cnicos da empresa espalhados em pontos cruciais da cidade.<\/p>\n<p>Os pesquisadores da empresa tamb\u00e9m mapearam as regi\u00f5es da cidade de S\u00e3o Paulo com maior n\u00famero de solicita\u00e7\u00f5es registradas no Servi\u00e7o de Atendimento ao Cidad\u00e3o (SAC) da Prefeitura do Munic\u00edpio de S\u00e3o Paulo relacionadas \u00e0 exist\u00eancia de caixas de \u00e1gua destampada ou com tampa incompleta, que podem se tornar focos de prolifera\u00e7\u00e3o de mosquitos Aedes aegypti, para antecipar as a\u00e7\u00f5es de combate \u00e0 dengue.<\/p>\n<p>\u201cAo analisar e tentar identificar padr\u00f5es nessa base de dados n\u00f3s identificamos que havia uma correla\u00e7\u00e3o entre as reclama\u00e7\u00f5es no SAC da Prefeitura e os casos notificados de dengue na Secretaria de Sa\u00fade. Com isso, percebemos que era poss\u00edvel identificar focos da doen\u00e7a antes que se torne uma epidemia\u201d, disse Alexandre Calil, coordenador do LabProdam durante o evento.<\/p>\n<p>Tamb\u00e9m participou do evento Daniel Annenberg, indicado para secret\u00e1rio de Meio Ambiente e Inova\u00e7\u00e3o e Tecnologia na gest\u00e3o do prefeito eleito de S\u00e3o Paulo Jo\u00e3o D\u00f3ria.<\/p>\n<p>V\u00eddeos do evento est\u00e3o dispon\u00edveis em: <\/p>\n","protected":false},"excerpt":{"rendered":"<p>Elton Alisson | Ag\u00eancia FAPESP \u2013 As universidades podem contribuir para tornar cidades inteligentes por meio do desenvolvimento de sistemas de informa\u00e7\u00e3o qualificados. Tais sistemas s\u00e3o considerados essenciais para a cria\u00e7\u00e3o de solu\u00e7\u00f5es baseadas em novas tecnologias computacionais voltadas a difundir informa\u00e7\u00f5es e a aprimorar a qualidade dos servi\u00e7os p\u00fablicos. A avalia\u00e7\u00e3o foi feita por [&hellip;]<\/p>\n","protected":false},"author":2,"featured_media":57576,"comment_status":"open","ping_status":"closed","sticky":false,"template":"","format":"standard","meta":{"_genesis_hide_title":false,"_genesis_hide_breadcrumbs":false,"_genesis_hide_singular_image":false,"_genesis_hide_footer_widgets":false,"_genesis_custom_body_class":"","_genesis_custom_post_class":"","_genesis_layout":"","_jetpack_memberships_contains_paid_content":false,"footnotes":""},"categories":[22,7],"tags":[],"class_list":{"0":"post-102147","1":"post","2":"type-post","3":"status-publish","4":"format-standard","5":"has-post-thumbnail","7":"category-brasil","8":"category-economia","9":"entry","10":"gs-1","11":"gs-odd","12":"gs-even","13":"gs-featured-content-entry"},"jetpack_featured_media_url":"https:\/\/www.redenoticia.com.br\/noticia\/imagens\/tecnologia1.jpg","jetpack_sharing_enabled":true,"jetpack_likes_enabled":true,"_links":{"self":[{"href":"https:\/\/www.redenoticia.com.br\/noticia\/wp-json\/wp\/v2\/posts\/102147","targetHints":{"allow":["GET"]}}],"collection":[{"href":"https:\/\/www.redenoticia.com.br\/noticia\/wp-json\/wp\/v2\/posts"}],"about":[{"href":"https:\/\/www.redenoticia.com.br\/noticia\/wp-json\/wp\/v2\/types\/post"}],"author":[{"embeddable":true,"href":"https:\/\/www.redenoticia.com.br\/noticia\/wp-json\/wp\/v2\/users\/2"}],"replies":[{"embeddable":true,"href":"https:\/\/www.redenoticia.com.br\/noticia\/wp-json\/wp\/v2\/comments?post=102147"}],"version-history":[{"count":0,"href":"https:\/\/www.redenoticia.com.br\/noticia\/wp-json\/wp\/v2\/posts\/102147\/revisions"}],"wp:featuredmedia":[{"embeddable":true,"href":"https:\/\/www.redenoticia.com.br\/noticia\/wp-json\/wp\/v2\/media\/57576"}],"wp:attachment":[{"href":"https:\/\/www.redenoticia.com.br\/noticia\/wp-json\/wp\/v2\/media?parent=102147"}],"wp:term":[{"taxonomy":"category","embeddable":true,"href":"https:\/\/www.redenoticia.com.br\/noticia\/wp-json\/wp\/v2\/categories?post=102147"},{"taxonomy":"post_tag","embeddable":true,"href":"https:\/\/www.redenoticia.com.br\/noticia\/wp-json\/wp\/v2\/tags?post=102147"}],"curies":[{"name":"wp","href":"https:\/\/api.w.org\/{rel}","templated":true}]}}