{"id":102058,"date":"2016-12-15T06:29:56","date_gmt":"2016-12-15T08:29:56","guid":{"rendered":"http:\/\/www.redenoticia.com.br\/noticia\/?p=102058"},"modified":"2016-12-14T07:35:23","modified_gmt":"2016-12-14T09:35:23","slug":"vendas-no-comercio-caem-08-em-todo-o-pais-diz-o-ibge","status":"publish","type":"post","link":"https:\/\/www.redenoticia.com.br\/noticia\/2016\/vendas-no-comercio-caem-08-em-todo-o-pais-diz-o-ibge\/102058","title":{"rendered":"Vendas no com\u00e9rcio caem 0,8% em todo o pa\u00eds, diz o IBGE"},"content":{"rendered":"<p> O <em><strong>volume de vendas do com\u00e9rcio varejista<\/strong><\/em> brasileiro recuou 0,8% na passagem de setembro para outubro deste ano. Segundo dados da Pesquisa Mensal de Com\u00e9rcio (PMC), divulgados pelo Instituto Brasileiro de Geografia e Estat\u00edstica (IBGE), esta \u00e9 a quarta queda consecutiva do indicador neste tipo de compara\u00e7\u00e3o.<\/p>\n<p>As vendas no com\u00e9rcio tamb\u00e9m tiveram quedas de 0,8% na m\u00e9dia m\u00f3vel trimestral, de 8,2% na compara\u00e7\u00e3o com outubro de 2015, de 6,7% no acumulado do ano e de 6,8% no acumulado de 12 meses.<\/p>\n<p>A queda na passagem de setembro para outubro foi provocada por resultados negativos em tr\u00eas dos oito setores: combust\u00edveis e lubrificantes (-1,7%), supermercados, alimentos e bebidas (-0,6%) e artigos farmac\u00eauticos (-0,1%).<\/p>\n<p>As vendas de m\u00f3veis e eletrodom\u00e9sticos mantiveram-se est\u00e1veis. Em quatro setores houve crescimento do volume de vendas: equipamentos e materiais para escrit\u00f3rio, inform\u00e1tica e comunica\u00e7\u00e3o (7,1%), outros artigos de uso pessoal e dom\u00e9stico (0,8%), tecidos, vestu\u00e1rio e cal\u00e7ados (0,5%) e livros, jornais, revista e papelarias (0,4%).<\/p>\n<p>A receita nominal do com\u00e9rcio varejista recuou 0,5% de setembro para outubro e 0,2% na m\u00e9dia m\u00f3vel trimestral. Mas avan\u00e7ou 1,9% em rela\u00e7\u00e3o a outubro de 2015, 4,8% no acumulado de 2016 e 4,3% no acumulado de 12 meses.<\/p>\n<p>Varejo ampliado tem queda de 0,3%<\/p>\n<p>Considerando-se tamb\u00e9m os setores de materiais de constru\u00e7\u00e3o e ve\u00edculos, o chamado varejo ampliado, o volume de vendas caiu 0,3% na passagem de setembro para outubro. Os ve\u00edculos, motos e pe\u00e7as acusaram redu\u00e7\u00e3o de 0,3%, enquanto os materiais de constru\u00e7\u00e3o tiveram um decr\u00e9scimo de 4% nas vendas.<\/p>\n<p>O varejo ampliado recuou 0,8% na m\u00e9dia m\u00f3vel trimestral, 10% na compara\u00e7\u00e3o com outubro de 2015, 9,3% no acumulado do ano e 9,8% no acumulado de 12 meses. A receita nominal do varejo ampliado tamb\u00e9m caiu em todos os tipos de compara\u00e7\u00e3o temporal: outubro em rela\u00e7\u00e3o a setembro (-0,5%), m\u00e9dia m\u00f3vel trimestral (-0,4%), outubro deste ano em rela\u00e7\u00e3o ao mesmo per\u00edodo do ano passado (-2,7%), acumulado do ano (-0,8%) e acumulado de 12 meses (-1,4%).<\/p>\n<p>Vitor Abdala \u2013 Rep\u00f3rter da Ag\u00eancia Brasil<br \/>\nEdi\u00e7\u00e3o: Kleber MSampaio<br \/>\n15\/12\/2016<\/p>\n","protected":false},"excerpt":{"rendered":"<p>O volume de vendas do com\u00e9rcio varejista brasileiro recuou 0,8% na passagem de setembro para outubro deste ano. Segundo dados da Pesquisa Mensal de Com\u00e9rcio (PMC), divulgados pelo Instituto Brasileiro de Geografia e Estat\u00edstica (IBGE), esta \u00e9 a quarta queda consecutiva do indicador neste tipo de compara\u00e7\u00e3o. As vendas no com\u00e9rcio tamb\u00e9m tiveram quedas de [&hellip;]<\/p>\n","protected":false},"author":2,"featured_media":57585,"comment_status":"open","ping_status":"closed","sticky":false,"template":"","format":"standard","meta":{"_genesis_hide_title":false,"_genesis_hide_breadcrumbs":false,"_genesis_hide_singular_image":false,"_genesis_hide_footer_widgets":false,"_genesis_custom_body_class":"","_genesis_custom_post_class":"","_genesis_layout":"","_jetpack_memberships_contains_paid_content":false,"footnotes":""},"categories":[22,7],"tags":[],"class_list":{"0":"post-102058","1":"post","2":"type-post","3":"status-publish","4":"format-standard","5":"has-post-thumbnail","7":"category-brasil","8":"category-economia","9":"entry","10":"gs-1","11":"gs-odd","12":"gs-even","13":"gs-featured-content-entry"},"jetpack_featured_media_url":"https:\/\/www.redenoticia.com.br\/noticia\/imagens\/analise-economia.jpg","jetpack_sharing_enabled":true,"jetpack_likes_enabled":true,"_links":{"self":[{"href":"https:\/\/www.redenoticia.com.br\/noticia\/wp-json\/wp\/v2\/posts\/102058","targetHints":{"allow":["GET"]}}],"collection":[{"href":"https:\/\/www.redenoticia.com.br\/noticia\/wp-json\/wp\/v2\/posts"}],"about":[{"href":"https:\/\/www.redenoticia.com.br\/noticia\/wp-json\/wp\/v2\/types\/post"}],"author":[{"embeddable":true,"href":"https:\/\/www.redenoticia.com.br\/noticia\/wp-json\/wp\/v2\/users\/2"}],"replies":[{"embeddable":true,"href":"https:\/\/www.redenoticia.com.br\/noticia\/wp-json\/wp\/v2\/comments?post=102058"}],"version-history":[{"count":0,"href":"https:\/\/www.redenoticia.com.br\/noticia\/wp-json\/wp\/v2\/posts\/102058\/revisions"}],"wp:featuredmedia":[{"embeddable":true,"href":"https:\/\/www.redenoticia.com.br\/noticia\/wp-json\/wp\/v2\/media\/57585"}],"wp:attachment":[{"href":"https:\/\/www.redenoticia.com.br\/noticia\/wp-json\/wp\/v2\/media?parent=102058"}],"wp:term":[{"taxonomy":"category","embeddable":true,"href":"https:\/\/www.redenoticia.com.br\/noticia\/wp-json\/wp\/v2\/categories?post=102058"},{"taxonomy":"post_tag","embeddable":true,"href":"https:\/\/www.redenoticia.com.br\/noticia\/wp-json\/wp\/v2\/tags?post=102058"}],"curies":[{"name":"wp","href":"https:\/\/api.w.org\/{rel}","templated":true}]}}