{"id":102052,"date":"2016-12-15T06:25:02","date_gmt":"2016-12-15T08:25:02","guid":{"rendered":"http:\/\/www.redenoticia.com.br\/noticia\/?p=102052"},"modified":"2016-12-14T07:26:28","modified_gmt":"2016-12-14T09:26:28","slug":"passeio-com-seguranca-atencao-deve-ser-redobrada-com-as-criancas","status":"publish","type":"post","link":"https:\/\/www.redenoticia.com.br\/noticia\/2016\/passeio-com-seguranca-atencao-deve-ser-redobrada-com-as-criancas\/102052","title":{"rendered":"Passeio com seguran\u00e7a: aten\u00e7\u00e3o deve ser redobrada com as crian\u00e7as"},"content":{"rendered":"<p> Cuidar da crian\u00e7ada exige aten\u00e7\u00e3o. Nos passeios n\u00e3o \u00e9 diferente. Na praia, por exemplo, diante da imensid\u00e3o do mar e da faixa de areia, os cuidados devem ser redobrados. \u00c9 justamente nessa \u00e9poca do ano que aumenta o n\u00famero de <em><strong>crian\u00e7as perdidas<\/strong><\/em>.<\/p>\n<p>Pensando nisso, o Corpo de Bombeiros SP alerta sobre a import\u00e2ncia da identifica\u00e7\u00e3o. Uma atitude simples como colocar uma pulseira com nome completo e telefone pode ajudar na localiza\u00e7\u00e3o dos pequenos.<\/p>\n<p>Mas n\u00e3o \u00e9 a s\u00f3 a documenta\u00e7\u00e3o que deve ser prioridade. Na hora de atravessar ruas, seja no interior, capital ou praia, preste muita aten\u00e7\u00e3o. Veja algumas dicas do \u00a0para os pais ou respons\u00e1veis pelas crian\u00e7as:<br \/>\n&#8211; Antes de atravessar a rua, olhe para os dois lados;<br \/>\n&#8211; Atravesse na faixa de pedestre, respeitando a sinaliza\u00e7\u00e3o;<br \/>\n&#8211; N\u00e3o atravesse a rua usando o celular ou fone de ouvido;<br \/>\n&#8211; Carros, \u00f4nibus e \u00e1rvores s\u00e3o pontos cegos. N\u00e3o atravesse por tr\u00e1s deles;<br \/>\n&#8211; Antes de atravessar na frente de ve\u00edculos, certifique-se de que voc\u00ea foi visto pelo motorista;<br \/>\n&#8211; Em estradas, caminhe na contram\u00e3o dos carros e s\u00f3 atravesse pela passarela;<br \/>\n&#8211; S\u00f3 desembarque de ve\u00edculos pelo lado da cal\u00e7ada.<\/p>\n<p>O pedestre \u00e9 o elo mais fr\u00e1gil no tr\u00e2nsito e \u00e9 preciso transitar com aten\u00e7\u00e3o redobrada, atitudes gentis e respeit\u00e1-lo acima de tudo.<\/p>\n<p>#Opera\u00e7\u00e3oVer\u00e3oSP<\/p>\n<p>Do Portal do Governo do Estado SP<\/p>\n","protected":false},"excerpt":{"rendered":"<p>Cuidar da crian\u00e7ada exige aten\u00e7\u00e3o. Nos passeios n\u00e3o \u00e9 diferente. Na praia, por exemplo, diante da imensid\u00e3o do mar e da faixa de areia, os cuidados devem ser redobrados. \u00c9 justamente nessa \u00e9poca do ano que aumenta o n\u00famero de crian\u00e7as perdidas. Pensando nisso, o Corpo de Bombeiros SP alerta sobre a import\u00e2ncia da identifica\u00e7\u00e3o. [&hellip;]<\/p>\n","protected":false},"author":2,"featured_media":38016,"comment_status":"open","ping_status":"closed","sticky":false,"template":"","format":"standard","meta":{"_genesis_hide_title":false,"_genesis_hide_breadcrumbs":false,"_genesis_hide_singular_image":false,"_genesis_hide_footer_widgets":false,"_genesis_custom_body_class":"","_genesis_custom_post_class":"","_genesis_layout":"","_jetpack_memberships_contains_paid_content":false,"footnotes":""},"categories":[22],"tags":[],"class_list":{"0":"post-102052","1":"post","2":"type-post","3":"status-publish","4":"format-standard","5":"has-post-thumbnail","7":"category-brasil","8":"entry","9":"gs-1","10":"gs-odd","11":"gs-even","12":"gs-featured-content-entry"},"jetpack_featured_media_url":"https:\/\/www.redenoticia.com.br\/noticia\/imagens\/img-comunidade-redenoticia.jpg","jetpack_sharing_enabled":true,"jetpack_likes_enabled":true,"_links":{"self":[{"href":"https:\/\/www.redenoticia.com.br\/noticia\/wp-json\/wp\/v2\/posts\/102052","targetHints":{"allow":["GET"]}}],"collection":[{"href":"https:\/\/www.redenoticia.com.br\/noticia\/wp-json\/wp\/v2\/posts"}],"about":[{"href":"https:\/\/www.redenoticia.com.br\/noticia\/wp-json\/wp\/v2\/types\/post"}],"author":[{"embeddable":true,"href":"https:\/\/www.redenoticia.com.br\/noticia\/wp-json\/wp\/v2\/users\/2"}],"replies":[{"embeddable":true,"href":"https:\/\/www.redenoticia.com.br\/noticia\/wp-json\/wp\/v2\/comments?post=102052"}],"version-history":[{"count":0,"href":"https:\/\/www.redenoticia.com.br\/noticia\/wp-json\/wp\/v2\/posts\/102052\/revisions"}],"wp:featuredmedia":[{"embeddable":true,"href":"https:\/\/www.redenoticia.com.br\/noticia\/wp-json\/wp\/v2\/media\/38016"}],"wp:attachment":[{"href":"https:\/\/www.redenoticia.com.br\/noticia\/wp-json\/wp\/v2\/media?parent=102052"}],"wp:term":[{"taxonomy":"category","embeddable":true,"href":"https:\/\/www.redenoticia.com.br\/noticia\/wp-json\/wp\/v2\/categories?post=102052"},{"taxonomy":"post_tag","embeddable":true,"href":"https:\/\/www.redenoticia.com.br\/noticia\/wp-json\/wp\/v2\/tags?post=102052"}],"curies":[{"name":"wp","href":"https:\/\/api.w.org\/{rel}","templated":true}]}}