{"id":102019,"date":"2016-12-14T06:38:10","date_gmt":"2016-12-14T08:38:10","guid":{"rendered":"http:\/\/www.redenoticia.com.br\/noticia\/?p=102019"},"modified":"2016-12-13T19:39:17","modified_gmt":"2016-12-13T21:39:17","slug":"mercado-financeiro-projeta-inflacao-pouco-acima-do-teto-de-65-para-2016","status":"publish","type":"post","link":"https:\/\/www.redenoticia.com.br\/noticia\/2016\/mercado-financeiro-projeta-inflacao-pouco-acima-do-teto-de-65-para-2016\/102019","title":{"rendered":"Mercado financeiro projeta infla\u00e7\u00e3o pouco acima do teto de 6,5% para 2016"},"content":{"rendered":"<p> O mercado financeiro espera que a <em><strong>infla\u00e7\u00e3o<\/strong><\/em> este ano fique bem pr\u00f3xima do teto da meta. De acordo com a pesquisa semanal \u2013 Boletim Focus &#8211; do Banco Central, feita junto a institui\u00e7\u00f5es financeiras, a proje\u00e7\u00e3o para o \u00cdndice Nacional de Pre\u00e7os ao Consumidor Amplo (IPCA) caiu de 6,69% para 6,52%. O limite superior da meta de infla\u00e7\u00e3o \u00e9 de 6,50% e o centro, 4,5%. Essa foi a quinta redu\u00e7\u00e3o seguida na estimativa para o \u00edndice este ano.<\/p>\n<p>Para 2017, a taxa foi ajustada de 4,93% para 4,90%, segundo o boletim divulgado toda segunda-feira, em Bras\u00edlia. A meta de infla\u00e7\u00e3o para o pr\u00f3ximo ano \u00e9 4,5%, com teto em 6%.<\/p>\n<p>Na \u00faltima sexta-feira, o presidente do BC, Ilan Goldfajn, disse que a infla\u00e7\u00e3o corrente tem surpreendido favoravelmente. \u201c\u00c9 verdade que h\u00e1 sinais de uma pausa na margem, na desinfla\u00e7\u00e3o de alguns componentes do IPCA mais sens\u00edveis ao ciclo econ\u00f4mico e \u00e0 pol\u00edtica monet\u00e1ria [decis\u00f5es sobre a taxa b\u00e1sica de juros]. Todavia, surpresas positivas na infla\u00e7\u00e3o e a fraqueza na atividade tornam mais prov\u00e1vel a retomada do processo de desinfla\u00e7\u00e3o desses componentes\u201d, disse Goldfajn.<\/p>\n<p>A infla\u00e7\u00e3o, medida pelo IPCA, ficou em 0,18% em novembro deste ano, abaixo do 0,26% do m\u00eas anterior. Essa tamb\u00e9m \u00e9 a menor taxa para meses de novembro desde 1998. Em 12 meses, o IPCA acumula 6,99%, bem abaixo dos 7,87% de outubro, informou o Instituto Brasileiro de Geografia e Estat\u00edstica (IBGE), na \u00faltima sexta-feira.<\/p>\n<p>Taxa b\u00e1sica de Juros<\/p>\n<p>Diante da recess\u00e3o econ\u00f4mica e da melhora na infla\u00e7\u00e3o, o BC tem sinalizado que pode intensificar o corte da taxa b\u00e1sica de juros, a Selic. Nas suas duas \u00faltimas decis\u00f5es, o Comit\u00ea de Pol\u00edtica Monet\u00e1ria (Copom) do BC cortou a Selic em 0,25 ponto percentual. Atualmente, a taxa est\u00e1 em 13,75% ao ano.<\/p>\n<p>Para as institui\u00e7\u00f5es financeiras, a Selic encerrar\u00e1 2017 em 10,50% ao ano. A Selic \u00e9 um dos instrumentos usados para influenciar a atividade econ\u00f4mica e, consequentemente, a infla\u00e7\u00e3o. Quando o Copom aumenta a Selic, o objetivo \u00e9 conter a demanda aquecida, e isso gera reflexos nos pre\u00e7os, porque os juros mais altos encarecem o cr\u00e9dito e estimulam a poupan\u00e7a. J\u00e1 quando o Copom diminui os juros b\u00e1sicos, a tend\u00eancia \u00e9 que o cr\u00e9dito fique mais barato, com incentivo \u00e0 produ\u00e7\u00e3o e ao consumo, reduzindo o controle sobre a infla\u00e7\u00e3o.<\/p>\n<p>Recess\u00e3o<\/p>\n<p>A proje\u00e7\u00e3o de institui\u00e7\u00f5es financeiras para a queda da economia (Produto Interno Bruto \u2013 PIB \u2013 a soma de todas as riquezas produzidas pelo pa\u00eds) este ano, piorou ao passar de 3,43% para 3,48%. Para 2017, a expectativa de crescimento foi alterada de 0,80% para 0,70%, na oitava redu\u00e7\u00e3o consecutiva.<\/p>\n<p>Kelly Oliveira &#8211; Rep\u00f3rter da Ag\u00eancia Brasil<br \/>\nEdi\u00e7\u00e3o: Kleber Sampaio<br \/>\n14\/12\/2016<\/p>\n","protected":false},"excerpt":{"rendered":"<p>O mercado financeiro espera que a infla\u00e7\u00e3o este ano fique bem pr\u00f3xima do teto da meta. De acordo com a pesquisa semanal \u2013 Boletim Focus &#8211; do Banco Central, feita junto a institui\u00e7\u00f5es financeiras, a proje\u00e7\u00e3o para o \u00cdndice Nacional de Pre\u00e7os ao Consumidor Amplo (IPCA) caiu de 6,69% para 6,52%. O limite superior da [&hellip;]<\/p>\n","protected":false},"author":2,"featured_media":34916,"comment_status":"open","ping_status":"closed","sticky":false,"template":"","format":"standard","meta":{"_genesis_hide_title":false,"_genesis_hide_breadcrumbs":false,"_genesis_hide_singular_image":false,"_genesis_hide_footer_widgets":false,"_genesis_custom_body_class":"","_genesis_custom_post_class":"","_genesis_layout":"","_jetpack_memberships_contains_paid_content":false,"footnotes":""},"categories":[22,7],"tags":[],"class_list":{"0":"post-102019","1":"post","2":"type-post","3":"status-publish","4":"format-standard","5":"has-post-thumbnail","7":"category-brasil","8":"category-economia","9":"entry","10":"gs-1","11":"gs-odd","12":"gs-even","13":"gs-featured-content-entry"},"jetpack_featured_media_url":"https:\/\/www.redenoticia.com.br\/noticia\/imagens\/inflacao.jpg","jetpack_sharing_enabled":true,"jetpack_likes_enabled":true,"_links":{"self":[{"href":"https:\/\/www.redenoticia.com.br\/noticia\/wp-json\/wp\/v2\/posts\/102019","targetHints":{"allow":["GET"]}}],"collection":[{"href":"https:\/\/www.redenoticia.com.br\/noticia\/wp-json\/wp\/v2\/posts"}],"about":[{"href":"https:\/\/www.redenoticia.com.br\/noticia\/wp-json\/wp\/v2\/types\/post"}],"author":[{"embeddable":true,"href":"https:\/\/www.redenoticia.com.br\/noticia\/wp-json\/wp\/v2\/users\/2"}],"replies":[{"embeddable":true,"href":"https:\/\/www.redenoticia.com.br\/noticia\/wp-json\/wp\/v2\/comments?post=102019"}],"version-history":[{"count":0,"href":"https:\/\/www.redenoticia.com.br\/noticia\/wp-json\/wp\/v2\/posts\/102019\/revisions"}],"wp:featuredmedia":[{"embeddable":true,"href":"https:\/\/www.redenoticia.com.br\/noticia\/wp-json\/wp\/v2\/media\/34916"}],"wp:attachment":[{"href":"https:\/\/www.redenoticia.com.br\/noticia\/wp-json\/wp\/v2\/media?parent=102019"}],"wp:term":[{"taxonomy":"category","embeddable":true,"href":"https:\/\/www.redenoticia.com.br\/noticia\/wp-json\/wp\/v2\/categories?post=102019"},{"taxonomy":"post_tag","embeddable":true,"href":"https:\/\/www.redenoticia.com.br\/noticia\/wp-json\/wp\/v2\/tags?post=102019"}],"curies":[{"name":"wp","href":"https:\/\/api.w.org\/{rel}","templated":true}]}}