{"id":102011,"date":"2016-12-14T06:31:02","date_gmt":"2016-12-14T08:31:02","guid":{"rendered":"http:\/\/www.redenoticia.com.br\/noticia\/?p=102011"},"modified":"2016-12-13T19:33:04","modified_gmt":"2016-12-13T21:33:04","slug":"estudo-sobre-avaliacao-de-impactos-ambientais-no-solo-e-premiado","status":"publish","type":"post","link":"https:\/\/www.redenoticia.com.br\/noticia\/2016\/estudo-sobre-avaliacao-de-impactos-ambientais-no-solo-e-premiado\/102011","title":{"rendered":"Estudo sobre avalia\u00e7\u00e3o de impactos ambientais no solo \u00e9 premiado"},"content":{"rendered":"<p> Ag\u00eancia FAPESP \u2013 Estudo realizado na Escola Superior de Agricultura Luiz de Queiroz (USP\/Esalq), em parceria com a Universidade Estadual Paulista (Unesp) de Jaboticabal, recebeu o pr\u00eamio de melhor trabalho cient\u00edfico da Comiss\u00e3o de Polui\u00e7\u00e3o, Remedia\u00e7\u00e3o do Solo e Recupera\u00e7\u00e3o de \u00c1reas Degradadas durante a 20\u00aa Reuni\u00e3o Brasileira de <em><strong>Manejo e Conserva\u00e7\u00e3o do Solo e da \u00c1gua<\/strong><\/em>. Organizado pela Sociedade Brasileira de Ci\u00eancia do Solo, o encontro foi realizado entre 20 e 24 de novembro, em Foz do Igua\u00e7u, no Paran\u00e1.<\/p>\n<p>O estudo, sobre predi\u00e7\u00e3o dos teores de cobre, zinco e chumbo no solo utilizando espectroscopia de reflect\u00e2ncia difusa, foi desenvolvido no Laborat\u00f3rio de Qu\u00edmica do Solo (LQS), do Departamento de Ci\u00eancia do Solo (LSO) da Esalq, e tem como autores o professor Lu\u00eds Reynaldo Ferraci\u00fa Alleoni, do LSO, e os pesquisadores ,  e , da Unesp Jaboticabal, de acordo com a Assessoria de Comunica\u00e7\u00e3o da Esalq. A pesquisa teve apoio da FAPESP e do Conselho Nacional de Desenvolvimento Cient\u00edfico e Tecnol\u00f3gico (CNPq).<\/p>\n<p>Segundo Alleoni, a determina\u00e7\u00e3o dos teores de elementos potencialmente t\u00f3xicos (EPTs) nos solos \u00e9 necess\u00e1ria para avalia\u00e7\u00e3o de seus impactos ambientais. Al\u00e9m dos m\u00e9todos de extra\u00e7\u00e3o qu\u00edmica normalmente usados em laborat\u00f3rios, o estudo avalia t\u00e9cnicas mais baratas e que gerem menos res\u00edduos, como a espectroscopia de reflect\u00e2ncia difusa (ERD).<\/p>\n<p>\u201cNo laborat\u00f3rio, foram utilizadas a espectrometria de emiss\u00e3o \u00f3tica (ICP-OES) e a ERD para obten\u00e7\u00e3o dos teores de cobre (Cu), chumbo (Pb) e zinco (Zn) em amostras de solos do Nordeste do Estado de S\u00e3o Paulo intensamente cultivados com cana-de-a\u00e7\u00facar\u201d, explicou o docente.<\/p>\n<p>O pesquisador afirmou que os valores foram satisfatoriamente preditos pela espectroscopia de reflect\u00e2ncia difusa, principalmente para Cu e Zn. \u201cAs t\u00e9cnicas de predi\u00e7\u00e3o dos elementos potencialmente t\u00f3xicos apresentadas no trabalho podem auxiliar na obten\u00e7\u00e3o de informa\u00e7\u00f5es para fins de avalia\u00e7\u00f5es do risco de polui\u00e7\u00e3o e quanto \u00e0s estrat\u00e9gias de remedia\u00e7\u00f5es com baixo custo-benef\u00edcio\u201d, concluiu Alleoni.<\/p>\n<p>Os participantes do projeto buscam agora adapta\u00e7\u00f5es quanto aos preditores e estrat\u00e9gias de calibra\u00e7\u00e3o dos modelos de predi\u00e7\u00e3o dos teores de EPTs em solos mineralogicamente diferentes e\/ou situados em variados modelos de paisagem.<\/p>\n","protected":false},"excerpt":{"rendered":"<p>Ag\u00eancia FAPESP \u2013 Estudo realizado na Escola Superior de Agricultura Luiz de Queiroz (USP\/Esalq), em parceria com a Universidade Estadual Paulista (Unesp) de Jaboticabal, recebeu o pr\u00eamio de melhor trabalho cient\u00edfico da Comiss\u00e3o de Polui\u00e7\u00e3o, Remedia\u00e7\u00e3o do Solo e Recupera\u00e7\u00e3o de \u00c1reas Degradadas durante a 20\u00aa Reuni\u00e3o Brasileira de Manejo e Conserva\u00e7\u00e3o do Solo e [&hellip;]<\/p>\n","protected":false},"author":2,"featured_media":57580,"comment_status":"open","ping_status":"closed","sticky":false,"template":"","format":"standard","meta":{"_genesis_hide_title":false,"_genesis_hide_breadcrumbs":false,"_genesis_hide_singular_image":false,"_genesis_hide_footer_widgets":false,"_genesis_custom_body_class":"","_genesis_custom_post_class":"","_genesis_layout":"","_jetpack_memberships_contains_paid_content":false,"footnotes":""},"categories":[22],"tags":[],"class_list":{"0":"post-102011","1":"post","2":"type-post","3":"status-publish","4":"format-standard","5":"has-post-thumbnail","7":"category-brasil","8":"entry","9":"gs-1","10":"gs-odd","11":"gs-even","12":"gs-featured-content-entry"},"jetpack_featured_media_url":"https:\/\/www.redenoticia.com.br\/noticia\/imagens\/meio-ambiente-safra-.jpg","jetpack_sharing_enabled":true,"jetpack_likes_enabled":true,"_links":{"self":[{"href":"https:\/\/www.redenoticia.com.br\/noticia\/wp-json\/wp\/v2\/posts\/102011","targetHints":{"allow":["GET"]}}],"collection":[{"href":"https:\/\/www.redenoticia.com.br\/noticia\/wp-json\/wp\/v2\/posts"}],"about":[{"href":"https:\/\/www.redenoticia.com.br\/noticia\/wp-json\/wp\/v2\/types\/post"}],"author":[{"embeddable":true,"href":"https:\/\/www.redenoticia.com.br\/noticia\/wp-json\/wp\/v2\/users\/2"}],"replies":[{"embeddable":true,"href":"https:\/\/www.redenoticia.com.br\/noticia\/wp-json\/wp\/v2\/comments?post=102011"}],"version-history":[{"count":0,"href":"https:\/\/www.redenoticia.com.br\/noticia\/wp-json\/wp\/v2\/posts\/102011\/revisions"}],"wp:featuredmedia":[{"embeddable":true,"href":"https:\/\/www.redenoticia.com.br\/noticia\/wp-json\/wp\/v2\/media\/57580"}],"wp:attachment":[{"href":"https:\/\/www.redenoticia.com.br\/noticia\/wp-json\/wp\/v2\/media?parent=102011"}],"wp:term":[{"taxonomy":"category","embeddable":true,"href":"https:\/\/www.redenoticia.com.br\/noticia\/wp-json\/wp\/v2\/categories?post=102011"},{"taxonomy":"post_tag","embeddable":true,"href":"https:\/\/www.redenoticia.com.br\/noticia\/wp-json\/wp\/v2\/tags?post=102011"}],"curies":[{"name":"wp","href":"https:\/\/api.w.org\/{rel}","templated":true}]}}