{"id":101918,"date":"2016-12-13T06:08:44","date_gmt":"2016-12-13T08:08:44","guid":{"rendered":"http:\/\/www.redenoticia.com.br\/noticia\/?p=101918"},"modified":"2016-12-12T20:59:30","modified_gmt":"2016-12-12T22:59:30","slug":"numero-de-inadimplentes-chega-a-587-milhoes-diz-pesquisa","status":"publish","type":"post","link":"https:\/\/www.redenoticia.com.br\/noticia\/2016\/numero-de-inadimplentes-chega-a-587-milhoes-diz-pesquisa\/101918","title":{"rendered":"N\u00famero de inadimplentes chega a 58,7 milh\u00f5es, diz pesquisa"},"content":{"rendered":"<p> O total de <strong><em>inadimplentes<\/em><\/strong> no pa\u00eds atingiu 58,5 milh\u00f5es, em novembro \u00faltimo, o equivalente a 39% da popula\u00e7\u00e3o adulta brasileira. Esse n\u00famero \u00e9 0,69% maior do que em novembro do ano passado, representando a entrada de um milh\u00e3o de pessoas no per\u00edodo de um ano na lista de negativados. Apesar de elevada, a lista recebeu menos devedores do que entre 2014 e 2015, quando foram incorporadas dois milh\u00f5es de pessoas.<\/p>\n<p>Os dados s\u00e3o do indicador do Servi\u00e7o de Prote\u00e7\u00e3o ao Cr\u00e9dito (SPC Brasil) e da Confedera\u00e7\u00e3o Nacional de Dirigentes Lojistas (CNDL). Em nota, o presidente da confedera\u00e7\u00e3o, Hon\u00f3rio Pinheiro, atribuiu o resultado ao cr\u00e9dito mais rigoroso e aos efeitos do desaquecimento da economia. Para ele, n\u00e3o se trata de uma melhoria de cen\u00e1rio, mas de um comportamento de cautela do consumidor em assumir compromissos financeiros, e da dificuldade em obter financiamento.<\/p>\n<p>\u201cSe, por um lado, a recess\u00e3o dificulta a capacidade de pagamento dos consumidores, em virtude do desemprego e da infla\u00e7\u00e3o alta, por outro, a maior restri\u00e7\u00e3o ao cr\u00e9dito, com juros ainda elevados e crit\u00e9rios de concess\u00e3o mais seletivos, acaba impondo limites ao endividamento por parte dos brasileiros\u201d, afirmou Pinheiro.<\/p>\n<p>A maior parte dos devedores em atraso est\u00e1 na regi\u00e3o Sudeste (24,2 milh\u00f5es) ou 37,37% da popula\u00e7\u00e3o adulta nessa regi\u00e3o. O segundo maior volume foi constatado no Nordeste (15,8 milh\u00f5es) ou 38,82% da popula\u00e7\u00e3o adulta dessa regi\u00e3o, seguido pelo Sul (8,1 milh\u00f5es), equivalente a 36,41% da popula\u00e7\u00e3o adulta regional; Norte (5,4 milh\u00f5es) ou 46,42% da popula\u00e7\u00e3o adulta regional e Centro- Oeste (5 milh\u00f5es) ou 44,12% da popula\u00e7\u00e3o adulta regional.<\/p>\n<p>De acordo com perfil de idade, prevalecem os devedores entre 30 e 39 anos. Na lista de inadimplentes, 49,59% ou 16,9 milh\u00f5es est\u00e3o nessa faixa et\u00e1ria. J\u00e1 a participa\u00e7\u00e3o dos jovens entre 25 e 29 anos \u00e9 de 47,12%; entre 40 e 49 anos, de 46,32% e entre 65 a 84 anos, de 29,44%.<\/p>\n<p>Volume de d\u00edvidas<\/p>\n<p>O levantamento tamb\u00e9m apontou um recuo de 3,54% no volume de d\u00edvidas em compara\u00e7\u00e3o a igual m\u00eas do ano passado e por setor, com destaque para as contas de telefonia, internet e TV por assinatura. Especificamente, as d\u00edvidas de pessoas f\u00edsicas cairam 14,90%.<\/p>\n<p>J\u00e1 as d\u00edvidas banc\u00e1rias (atrasos no cart\u00e3o de cr\u00e9dito, financiamentos, empr\u00e9stimos e seguros) diminu\u00edram 2,35% e as assumidas no com\u00e9rcio tiveram queda de 2,63%. Ocorreu alta apenas em rela\u00e7\u00e3o \u00e0s tarifas de servi\u00e7os b\u00e1sicos, como \u00e1gua e luz (3,81% ).<\/p>\n<p>Os bancos s\u00e3o os que concentram a maior parte das d\u00edvidas (48,24%), seguida pelo com\u00e9rcio (20,31%); comunica\u00e7\u00e3o (13,35%) e \u00e1gua e luz (7,96%).<\/p>\n<p>Marli Moreira \u2013 Rep\u00f3rter da Ag\u00eancia Brasil<br \/>\nEdi\u00e7\u00e3o: Maria Claudia<br \/>\n13\/12\/2016<\/p>\n","protected":false},"excerpt":{"rendered":"<p>O total de inadimplentes no pa\u00eds atingiu 58,5 milh\u00f5es, em novembro \u00faltimo, o equivalente a 39% da popula\u00e7\u00e3o adulta brasileira. Esse n\u00famero \u00e9 0,69% maior do que em novembro do ano passado, representando a entrada de um milh\u00e3o de pessoas no per\u00edodo de um ano na lista de negativados. Apesar de elevada, a lista recebeu [&hellip;]<\/p>\n","protected":false},"author":2,"featured_media":57583,"comment_status":"open","ping_status":"closed","sticky":false,"template":"","format":"standard","meta":{"_genesis_hide_title":false,"_genesis_hide_breadcrumbs":false,"_genesis_hide_singular_image":false,"_genesis_hide_footer_widgets":false,"_genesis_custom_body_class":"","_genesis_custom_post_class":"","_genesis_layout":"","_jetpack_memberships_contains_paid_content":false,"footnotes":""},"categories":[22,7],"tags":[],"class_list":{"0":"post-101918","1":"post","2":"type-post","3":"status-publish","4":"format-standard","5":"has-post-thumbnail","7":"category-brasil","8":"category-economia","9":"entry","10":"gs-1","11":"gs-odd","12":"gs-even","13":"gs-featured-content-entry"},"jetpack_featured_media_url":"https:\/\/www.redenoticia.com.br\/noticia\/imagens\/economia-grafico.jpg","jetpack_sharing_enabled":true,"jetpack_likes_enabled":true,"_links":{"self":[{"href":"https:\/\/www.redenoticia.com.br\/noticia\/wp-json\/wp\/v2\/posts\/101918","targetHints":{"allow":["GET"]}}],"collection":[{"href":"https:\/\/www.redenoticia.com.br\/noticia\/wp-json\/wp\/v2\/posts"}],"about":[{"href":"https:\/\/www.redenoticia.com.br\/noticia\/wp-json\/wp\/v2\/types\/post"}],"author":[{"embeddable":true,"href":"https:\/\/www.redenoticia.com.br\/noticia\/wp-json\/wp\/v2\/users\/2"}],"replies":[{"embeddable":true,"href":"https:\/\/www.redenoticia.com.br\/noticia\/wp-json\/wp\/v2\/comments?post=101918"}],"version-history":[{"count":0,"href":"https:\/\/www.redenoticia.com.br\/noticia\/wp-json\/wp\/v2\/posts\/101918\/revisions"}],"wp:featuredmedia":[{"embeddable":true,"href":"https:\/\/www.redenoticia.com.br\/noticia\/wp-json\/wp\/v2\/media\/57583"}],"wp:attachment":[{"href":"https:\/\/www.redenoticia.com.br\/noticia\/wp-json\/wp\/v2\/media?parent=101918"}],"wp:term":[{"taxonomy":"category","embeddable":true,"href":"https:\/\/www.redenoticia.com.br\/noticia\/wp-json\/wp\/v2\/categories?post=101918"},{"taxonomy":"post_tag","embeddable":true,"href":"https:\/\/www.redenoticia.com.br\/noticia\/wp-json\/wp\/v2\/tags?post=101918"}],"curies":[{"name":"wp","href":"https:\/\/api.w.org\/{rel}","templated":true}]}}