{"id":101916,"date":"2016-12-13T06:07:35","date_gmt":"2016-12-13T08:07:35","guid":{"rendered":"http:\/\/www.redenoticia.com.br\/noticia\/?p=101916"},"modified":"2016-12-12T20:58:33","modified_gmt":"2016-12-12T22:58:33","slug":"custo-da-construcao-civil-acumula-alta-de-618-em-12-meses","status":"publish","type":"post","link":"https:\/\/www.redenoticia.com.br\/noticia\/2016\/custo-da-construcao-civil-acumula-alta-de-618-em-12-meses\/101916","title":{"rendered":"Custo da constru\u00e7\u00e3o civil acumula alta de 6,18% em 12 meses"},"content":{"rendered":"<p> O <strong><em>\u00cdndice Nacional da Constru\u00e7\u00e3o Civil<\/em><\/strong> (Sinapi), que mede a infla\u00e7\u00e3o do setor no pa\u00eds, teve aumento de 0,1% no custo do metro quadrado em novembro, bem abaixo do 0,64% de outubro. O Sinapi, calculado pelo Instituto Brasileiro de Geografia e Estat\u00edstica (IBGE), acumula taxa de 6,18% em 12 meses.<\/p>\n<p>O custo nacional da constru\u00e7\u00e3o, por metro quadrado, subiu de R$ 1.021,25 em outubro para R$ 1.022,26 em novembro. A m\u00e3o de obra teve infla\u00e7\u00e3o de 0,27%, passando a custar R$ 491,08 por metro quadrado. Os materiais de constru\u00e7\u00e3o tiveram defla\u00e7\u00e3o (queda de pre\u00e7os) de 0,06%, passando a custar R$ 531,18 por metro quadrado.<\/p>\n<p>Quinze das 27 unidades da Federa\u00e7\u00e3o tiveram aumento do custo da constru\u00e7\u00e3o em novembro, com destaque para Pernambuco (2,47%). Doze unidades da Federa\u00e7\u00e3o tiveram queda de custo, com destaque para o Par\u00e1 (-0,38%) e Minas Gerais (-0,32%).<\/p>\n<p>Vitor Abdala \u2013 Rep\u00f3rter da Ag\u00eancia Brasil<br \/>\nEdi\u00e7\u00e3o: Gra\u00e7a Adjuto<br \/>\n13\/12\/2016<\/p>\n","protected":false},"excerpt":{"rendered":"<p>O \u00cdndice Nacional da Constru\u00e7\u00e3o Civil (Sinapi), que mede a infla\u00e7\u00e3o do setor no pa\u00eds, teve aumento de 0,1% no custo do metro quadrado em novembro, bem abaixo do 0,64% de outubro. O Sinapi, calculado pelo Instituto Brasileiro de Geografia e Estat\u00edstica (IBGE), acumula taxa de 6,18% em 12 meses. O custo nacional da constru\u00e7\u00e3o, [&hellip;]<\/p>\n","protected":false},"author":2,"featured_media":57585,"comment_status":"open","ping_status":"closed","sticky":false,"template":"","format":"standard","meta":{"_genesis_hide_title":false,"_genesis_hide_breadcrumbs":false,"_genesis_hide_singular_image":false,"_genesis_hide_footer_widgets":false,"_genesis_custom_body_class":"","_genesis_custom_post_class":"","_genesis_layout":"","_jetpack_memberships_contains_paid_content":false,"footnotes":""},"categories":[22,7],"tags":[],"class_list":{"0":"post-101916","1":"post","2":"type-post","3":"status-publish","4":"format-standard","5":"has-post-thumbnail","7":"category-brasil","8":"category-economia","9":"entry","10":"gs-1","11":"gs-odd","12":"gs-even","13":"gs-featured-content-entry"},"jetpack_featured_media_url":"https:\/\/www.redenoticia.com.br\/noticia\/imagens\/analise-economia.jpg","jetpack_sharing_enabled":true,"jetpack_likes_enabled":true,"_links":{"self":[{"href":"https:\/\/www.redenoticia.com.br\/noticia\/wp-json\/wp\/v2\/posts\/101916","targetHints":{"allow":["GET"]}}],"collection":[{"href":"https:\/\/www.redenoticia.com.br\/noticia\/wp-json\/wp\/v2\/posts"}],"about":[{"href":"https:\/\/www.redenoticia.com.br\/noticia\/wp-json\/wp\/v2\/types\/post"}],"author":[{"embeddable":true,"href":"https:\/\/www.redenoticia.com.br\/noticia\/wp-json\/wp\/v2\/users\/2"}],"replies":[{"embeddable":true,"href":"https:\/\/www.redenoticia.com.br\/noticia\/wp-json\/wp\/v2\/comments?post=101916"}],"version-history":[{"count":0,"href":"https:\/\/www.redenoticia.com.br\/noticia\/wp-json\/wp\/v2\/posts\/101916\/revisions"}],"wp:featuredmedia":[{"embeddable":true,"href":"https:\/\/www.redenoticia.com.br\/noticia\/wp-json\/wp\/v2\/media\/57585"}],"wp:attachment":[{"href":"https:\/\/www.redenoticia.com.br\/noticia\/wp-json\/wp\/v2\/media?parent=101916"}],"wp:term":[{"taxonomy":"category","embeddable":true,"href":"https:\/\/www.redenoticia.com.br\/noticia\/wp-json\/wp\/v2\/categories?post=101916"},{"taxonomy":"post_tag","embeddable":true,"href":"https:\/\/www.redenoticia.com.br\/noticia\/wp-json\/wp\/v2\/tags?post=101916"}],"curies":[{"name":"wp","href":"https:\/\/api.w.org\/{rel}","templated":true}]}}