{"id":101914,"date":"2016-12-13T06:06:23","date_gmt":"2016-12-13T08:06:23","guid":{"rendered":"http:\/\/www.redenoticia.com.br\/noticia\/?p=101914"},"modified":"2016-12-12T20:57:29","modified_gmt":"2016-12-12T22:57:29","slug":"bndes-aprova-devolucao-antecipada-ao-tesouro-de-r-100-bilhoes","status":"publish","type":"post","link":"https:\/\/www.redenoticia.com.br\/noticia\/2016\/bndes-aprova-devolucao-antecipada-ao-tesouro-de-r-100-bilhoes\/101914","title":{"rendered":"BNDES aprova devolu\u00e7\u00e3o antecipada ao Tesouro de R$ 100 bilh\u00f5es"},"content":{"rendered":"<p> O Banco Nacional de Desenvolvimento Econ\u00f4mico e Social (<strong><em>BNDES<\/em><\/strong>) confirmou a devolu\u00e7\u00e3o antecipada de R$ 100 bilh\u00f5es do total de mais de R$ 400 bilh\u00f5es aportado pelo Tesouro Nacional \u00e0 institui\u00e7\u00e3o no per\u00edodo de 2009 a 2014. A expectativa \u00e9 que a opera\u00e7\u00e3o seja viabilizada at\u00e9 o dia 31 de dezembro deste ano. A decis\u00e3o da aprova\u00e7\u00e3o da devolu\u00e7\u00e3o foi tomada pelo Conselho de Administra\u00e7\u00e3o do banco.<\/p>\n<p>Segundo o BNDES, essa era a etapa que faltava para efetivar a opera\u00e7\u00e3o de devolu\u00e7\u00e3o dos recursos, julgada legal pelo Tribunal de Contas da Uni\u00e3o (TCU) em novembro passado. Inicialmente, a devolu\u00e7\u00e3o dos R$ 100 bilh\u00f5es seria feita em tr\u00eas parcelas anuais, at\u00e9 2018, sendo uma de R$ 40 bilh\u00f5es e duas de R$ 30 bilh\u00f5es, cada. A decis\u00e3o de devolver a quantia de uma s\u00f3 vez foi tomada ap\u00f3s o aval dado pelo TCU.<\/p>\n<p> Na avalia\u00e7\u00e3o da dire\u00e7\u00e3o do banco, o pagamento ao Tesouro contribuir\u00e1 para reduzir a trajet\u00f3ria ascendente da d\u00edvida bruta, favorecendo a retomada dos investimentos, o crescimento econ\u00f4mico e a gera\u00e7\u00e3o de empregos.<\/p>\n<p>A Secretaria do Tesouro Nacional estima em 2,2% do Produto Interno Bruto (PIB, soma das riquezas produzidas em um pa\u00eds) o impacto positivo da medida. Al\u00e9m do abatimento da d\u00edvida bruta, na raz\u00e3o de um para um, a antecipa\u00e7\u00e3o do pagamento de R$ 100 bilh\u00f5es significa redu\u00e7\u00e3o dos custos com subs\u00eddios impl\u00edcitos de aproximadamente R$ 37,3 bilh\u00f5es a valor presente nos pr\u00f3ximos 35 anos, informou o BNDES ap\u00f3s a decis\u00e3o do TCU, no dia 23 de novembro deste ano. \u201cAssim, a redu\u00e7\u00e3o total na D\u00edvida Bruta do Governo Geral (DGBB) ser\u00e1 de R$ 137,3 bilh\u00f5es\u201d.<\/p>\n<p>Alana Gandra &#8211; Rep\u00f3rter da Ag\u00eancia Brasil<br \/>\nEdi\u00e7\u00e3o: F\u00e1bio Massalli<br \/>\n13\/12\/2016<\/p>\n","protected":false},"excerpt":{"rendered":"<p>O Banco Nacional de Desenvolvimento Econ\u00f4mico e Social (BNDES) confirmou a devolu\u00e7\u00e3o antecipada de R$ 100 bilh\u00f5es do total de mais de R$ 400 bilh\u00f5es aportado pelo Tesouro Nacional \u00e0 institui\u00e7\u00e3o no per\u00edodo de 2009 a 2014. A expectativa \u00e9 que a opera\u00e7\u00e3o seja viabilizada at\u00e9 o dia 31 de dezembro deste ano. A decis\u00e3o [&hellip;]<\/p>\n","protected":false},"author":2,"featured_media":40734,"comment_status":"open","ping_status":"closed","sticky":false,"template":"","format":"standard","meta":{"_genesis_hide_title":false,"_genesis_hide_breadcrumbs":false,"_genesis_hide_singular_image":false,"_genesis_hide_footer_widgets":false,"_genesis_custom_body_class":"","_genesis_custom_post_class":"","_genesis_layout":"","_jetpack_memberships_contains_paid_content":false,"footnotes":""},"categories":[22,7],"tags":[],"class_list":{"0":"post-101914","1":"post","2":"type-post","3":"status-publish","4":"format-standard","5":"has-post-thumbnail","7":"category-brasil","8":"category-economia","9":"entry","10":"gs-1","11":"gs-odd","12":"gs-even","13":"gs-featured-content-entry"},"jetpack_featured_media_url":"https:\/\/www.redenoticia.com.br\/noticia\/imagens\/economia-resultados.jpg","jetpack_sharing_enabled":true,"jetpack_likes_enabled":true,"_links":{"self":[{"href":"https:\/\/www.redenoticia.com.br\/noticia\/wp-json\/wp\/v2\/posts\/101914","targetHints":{"allow":["GET"]}}],"collection":[{"href":"https:\/\/www.redenoticia.com.br\/noticia\/wp-json\/wp\/v2\/posts"}],"about":[{"href":"https:\/\/www.redenoticia.com.br\/noticia\/wp-json\/wp\/v2\/types\/post"}],"author":[{"embeddable":true,"href":"https:\/\/www.redenoticia.com.br\/noticia\/wp-json\/wp\/v2\/users\/2"}],"replies":[{"embeddable":true,"href":"https:\/\/www.redenoticia.com.br\/noticia\/wp-json\/wp\/v2\/comments?post=101914"}],"version-history":[{"count":0,"href":"https:\/\/www.redenoticia.com.br\/noticia\/wp-json\/wp\/v2\/posts\/101914\/revisions"}],"wp:featuredmedia":[{"embeddable":true,"href":"https:\/\/www.redenoticia.com.br\/noticia\/wp-json\/wp\/v2\/media\/40734"}],"wp:attachment":[{"href":"https:\/\/www.redenoticia.com.br\/noticia\/wp-json\/wp\/v2\/media?parent=101914"}],"wp:term":[{"taxonomy":"category","embeddable":true,"href":"https:\/\/www.redenoticia.com.br\/noticia\/wp-json\/wp\/v2\/categories?post=101914"},{"taxonomy":"post_tag","embeddable":true,"href":"https:\/\/www.redenoticia.com.br\/noticia\/wp-json\/wp\/v2\/tags?post=101914"}],"curies":[{"name":"wp","href":"https:\/\/api.w.org\/{rel}","templated":true}]}}