{"id":101825,"date":"2016-12-12T06:15:41","date_gmt":"2016-12-12T08:15:41","guid":{"rendered":"http:\/\/www.redenoticia.com.br\/noticia\/?p=101825"},"modified":"2016-12-11T19:16:42","modified_gmt":"2016-12-11T21:16:42","slug":"faturamento-do-setor-atacadista-cresce-647-de-janeiro-a-outubro","status":"publish","type":"post","link":"https:\/\/www.redenoticia.com.br\/noticia\/2016\/faturamento-do-setor-atacadista-cresce-647-de-janeiro-a-outubro\/101825","title":{"rendered":"Faturamento do setor atacadista cresce 6,47% de janeiro a outubro"},"content":{"rendered":"<p> O <strong><em>setor atacadista<\/em><\/strong> distribuidor registrou aumento de 6,47% no faturamento de janeiro a outubro, em termos nominais, de acordo com pesquisa mensal feita pela Associa\u00e7\u00e3o Brasileira de Atacadistas e Distribuidores de Produtos Industrializados (Abad).<\/p>\n<p>Na compara\u00e7\u00e3o com outubro do ano passado, houve queda de 3,4%. Ante setembro, a queda foi de 0,29%. Em termos reais, j\u00e1 descontando a infla\u00e7\u00e3o, o faturamento caiu 2,44% no acumulado do ano, -10,51% em rela\u00e7\u00e3o a outubro de 2015 e -0,55% em rela\u00e7\u00e3o ao m\u00eas de setembro.<\/p>\n<p>\u201cEra um resultado previsto, diante do cen\u00e1rio atual de alto \u00edndice de desemprego. Mesmo assim ainda esperamos que o \u00faltimo trimestre, em raz\u00e3o das festas de fim de ano, ajude o setor a manter a m\u00e9dia de crescimento acumulado no ano na casa de 7%, em termos nominais. Por isso, nossa expectativa \u00e9 de encerrar 2016 com uma leve alta de at\u00e9 1% no faturamento em termos reais\u201d, disse o presidente da Abad, Jos\u00e9 do Egito Frota Lopes Filho.<\/p>\n<p>Fl\u00e1via Albuquerque \u2013 Rep\u00f3rter da Ag\u00eancia Brasil<br \/>\nEdi\u00e7\u00e3o: Maria Claudia<br \/>\n12\/12\/2016<\/p>\n","protected":false},"excerpt":{"rendered":"<p>O setor atacadista distribuidor registrou aumento de 6,47% no faturamento de janeiro a outubro, em termos nominais, de acordo com pesquisa mensal feita pela Associa\u00e7\u00e3o Brasileira de Atacadistas e Distribuidores de Produtos Industrializados (Abad). Na compara\u00e7\u00e3o com outubro do ano passado, houve queda de 3,4%. Ante setembro, a queda foi de 0,29%. Em termos reais, [&hellip;]<\/p>\n","protected":false},"author":2,"featured_media":57582,"comment_status":"open","ping_status":"closed","sticky":false,"template":"","format":"standard","meta":{"_genesis_hide_title":false,"_genesis_hide_breadcrumbs":false,"_genesis_hide_singular_image":false,"_genesis_hide_footer_widgets":false,"_genesis_custom_body_class":"","_genesis_custom_post_class":"","_genesis_layout":"","_jetpack_memberships_contains_paid_content":false,"footnotes":""},"categories":[22,7],"tags":[],"class_list":{"0":"post-101825","1":"post","2":"type-post","3":"status-publish","4":"format-standard","5":"has-post-thumbnail","7":"category-brasil","8":"category-economia","9":"entry","10":"gs-1","11":"gs-odd","12":"gs-even","13":"gs-featured-content-entry"},"jetpack_featured_media_url":"https:\/\/www.redenoticia.com.br\/noticia\/imagens\/grafico1.jpg","jetpack_sharing_enabled":true,"jetpack_likes_enabled":true,"_links":{"self":[{"href":"https:\/\/www.redenoticia.com.br\/noticia\/wp-json\/wp\/v2\/posts\/101825","targetHints":{"allow":["GET"]}}],"collection":[{"href":"https:\/\/www.redenoticia.com.br\/noticia\/wp-json\/wp\/v2\/posts"}],"about":[{"href":"https:\/\/www.redenoticia.com.br\/noticia\/wp-json\/wp\/v2\/types\/post"}],"author":[{"embeddable":true,"href":"https:\/\/www.redenoticia.com.br\/noticia\/wp-json\/wp\/v2\/users\/2"}],"replies":[{"embeddable":true,"href":"https:\/\/www.redenoticia.com.br\/noticia\/wp-json\/wp\/v2\/comments?post=101825"}],"version-history":[{"count":0,"href":"https:\/\/www.redenoticia.com.br\/noticia\/wp-json\/wp\/v2\/posts\/101825\/revisions"}],"wp:featuredmedia":[{"embeddable":true,"href":"https:\/\/www.redenoticia.com.br\/noticia\/wp-json\/wp\/v2\/media\/57582"}],"wp:attachment":[{"href":"https:\/\/www.redenoticia.com.br\/noticia\/wp-json\/wp\/v2\/media?parent=101825"}],"wp:term":[{"taxonomy":"category","embeddable":true,"href":"https:\/\/www.redenoticia.com.br\/noticia\/wp-json\/wp\/v2\/categories?post=101825"},{"taxonomy":"post_tag","embeddable":true,"href":"https:\/\/www.redenoticia.com.br\/noticia\/wp-json\/wp\/v2\/tags?post=101825"}],"curies":[{"name":"wp","href":"https:\/\/api.w.org\/{rel}","templated":true}]}}