{"id":101823,"date":"2016-12-12T06:14:32","date_gmt":"2016-12-12T08:14:32","guid":{"rendered":"http:\/\/www.redenoticia.com.br\/noticia\/?p=101823"},"modified":"2016-12-11T19:15:35","modified_gmt":"2016-12-11T21:15:35","slug":"cni-custos-da-industria-ficam-estaveis-no-terceiro-trimestre","status":"publish","type":"post","link":"https:\/\/www.redenoticia.com.br\/noticia\/2016\/cni-custos-da-industria-ficam-estaveis-no-terceiro-trimestre\/101823","title":{"rendered":"CNI: custos da ind\u00fastria ficam est\u00e1veis no terceiro trimestre"},"content":{"rendered":"<p> A Confedera\u00e7\u00e3o Nacional da Ind\u00fastria (CNI) divulgou que o <strong><em>Indicador de Custos Industriais<\/em><\/strong> registrou alta de 0,3% no terceiro trimestre, na compara\u00e7\u00e3o com os tr\u00eas meses anteriores, descontados os efeitos sazonais. Por outro lado, no mesmo per\u00edodo, os pre\u00e7os dos produtos industriais subiram 0,5%.<\/p>\n<p>De acordo com a CNI, no caso dos custos, houve a redu\u00e7\u00e3o dos gastos das ind\u00fastrias com energia e bens intermedi\u00e1rios e com o capital de giro. As quedas registradas nesses indicadores compensaram o aumento de 2% nos custos com pessoal e 1,6% no custo tribut\u00e1rio, registrados no terceiro trimestre em rela\u00e7\u00e3o ao per\u00edodo imediatamente anterior, na s\u00e9rie dessazonalizada.<\/p>\n<p>Apesar da crise econ\u00f4mica, destaca a CNI, o \u00edndice de custo com pessoal cresceu 8,8% frente ao mesmo trimestre de 2015 e ficou acima do crescimento de 8,48% registrado pelo \u00cdndice de Pre\u00e7os ao Consumidor Amplo no per\u00edodo, que indica indexa\u00e7\u00e3o dos sal\u00e1rios na ind\u00fastria. Al\u00e9m disso, o \u00edndice de custo tribut\u00e1rio subiu 1,6% no terceiro trimestre na compara\u00e7\u00e3o com o segundo.<\/p>\n<p>O estudo mostra tamb\u00e9m que o indicador de custo com capital de giro caiu 2,8% na compara\u00e7\u00e3o com o segundo trimestre, na s\u00e9rie dessazonalizada. Foi a segunda queda do indicador. O \u00edndice de custo com energia caiu 1,1% no terceiro trimestre em rela\u00e7\u00e3o ao segundo, na s\u00e9rie com ajuste , resultado da queda de 1,2% no custo com energia el\u00e9trica e de 0,7% no custo com \u00f3leo combust\u00edvel.<\/p>\n<p>No mesmo per\u00edodo, o \u00edndice de custo com bens intermedi\u00e1rios nacionais e importados teve queda de 0,4%. A redu\u00e7\u00e3o dos custos com bens intermedi\u00e1rios importados at\u00e9 o terceiro trimestre \u00e9 resultado da valoriza\u00e7\u00e3o do real frente ao d\u00f3lar ao longo deste ano, que reduz, informa a CNI, a competitividade da ind\u00fastria brasileira no mercado interno, pois os produtos importados ficam mais baratos em reais. Para os t\u00e9cnicos da confedera\u00e7\u00e3o, o real mais valorizado tamb\u00e9m prejudica a competitividade das exporta\u00e7\u00f5es brasileiras, que ficam mais caras frente aos produtos locais nos mercados de destino.<\/p>\n<p>O estudo da CNI mostra que, com os efeitos do c\u00e2mbio, os pre\u00e7os dos produtos industriais americanos, em reais, diminu\u00edram 7,1% no terceiro trimestre frente ao segundo, com perda de competitividade das exporta\u00e7\u00f5es da ind\u00fastria brasileira.<\/p>\n<p>Da Ag\u00eancia Brasil<br \/>\nEdi\u00e7\u00e3o: Val\u00e9ria Aguiar<br \/>\n12\/12\/2016<\/p>\n","protected":false},"excerpt":{"rendered":"<p>A Confedera\u00e7\u00e3o Nacional da Ind\u00fastria (CNI) divulgou que o Indicador de Custos Industriais registrou alta de 0,3% no terceiro trimestre, na compara\u00e7\u00e3o com os tr\u00eas meses anteriores, descontados os efeitos sazonais. Por outro lado, no mesmo per\u00edodo, os pre\u00e7os dos produtos industriais subiram 0,5%. De acordo com a CNI, no caso dos custos, houve a [&hellip;]<\/p>\n","protected":false},"author":2,"featured_media":57584,"comment_status":"open","ping_status":"closed","sticky":false,"template":"","format":"standard","meta":{"_genesis_hide_title":false,"_genesis_hide_breadcrumbs":false,"_genesis_hide_singular_image":false,"_genesis_hide_footer_widgets":false,"_genesis_custom_body_class":"","_genesis_custom_post_class":"","_genesis_layout":"","_jetpack_memberships_contains_paid_content":false,"footnotes":""},"categories":[22,7],"tags":[],"class_list":{"0":"post-101823","1":"post","2":"type-post","3":"status-publish","4":"format-standard","5":"has-post-thumbnail","7":"category-brasil","8":"category-economia","9":"entry","10":"gs-1","11":"gs-odd","12":"gs-even","13":"gs-featured-content-entry"},"jetpack_featured_media_url":"https:\/\/www.redenoticia.com.br\/noticia\/imagens\/economia-grafica-analise-inflacao.jpg","jetpack_sharing_enabled":true,"jetpack_likes_enabled":true,"_links":{"self":[{"href":"https:\/\/www.redenoticia.com.br\/noticia\/wp-json\/wp\/v2\/posts\/101823","targetHints":{"allow":["GET"]}}],"collection":[{"href":"https:\/\/www.redenoticia.com.br\/noticia\/wp-json\/wp\/v2\/posts"}],"about":[{"href":"https:\/\/www.redenoticia.com.br\/noticia\/wp-json\/wp\/v2\/types\/post"}],"author":[{"embeddable":true,"href":"https:\/\/www.redenoticia.com.br\/noticia\/wp-json\/wp\/v2\/users\/2"}],"replies":[{"embeddable":true,"href":"https:\/\/www.redenoticia.com.br\/noticia\/wp-json\/wp\/v2\/comments?post=101823"}],"version-history":[{"count":0,"href":"https:\/\/www.redenoticia.com.br\/noticia\/wp-json\/wp\/v2\/posts\/101823\/revisions"}],"wp:featuredmedia":[{"embeddable":true,"href":"https:\/\/www.redenoticia.com.br\/noticia\/wp-json\/wp\/v2\/media\/57584"}],"wp:attachment":[{"href":"https:\/\/www.redenoticia.com.br\/noticia\/wp-json\/wp\/v2\/media?parent=101823"}],"wp:term":[{"taxonomy":"category","embeddable":true,"href":"https:\/\/www.redenoticia.com.br\/noticia\/wp-json\/wp\/v2\/categories?post=101823"},{"taxonomy":"post_tag","embeddable":true,"href":"https:\/\/www.redenoticia.com.br\/noticia\/wp-json\/wp\/v2\/tags?post=101823"}],"curies":[{"name":"wp","href":"https:\/\/api.w.org\/{rel}","templated":true}]}}